{"id":1253,"date":"2021-07-07T13:29:00","date_gmt":"2021-07-07T16:29:00","guid":{"rendered":"https:\/\/prefeitura.santarosa.rs.gov.br\/?p=1253"},"modified":"2024-10-07T09:55:01","modified_gmt":"2024-10-07T12:55:01","slug":"avanco-no-projeto-da-iluminacao-publica","status":"publish","type":"post","link":"https:\/\/prefeitura.santarosa.rs.gov.br\/?p=1253","title":{"rendered":"Avan\u00e7o no projeto da ilumina\u00e7\u00e3o p\u00fablica"},"content":{"rendered":"\n<p>A pr\u00f3xima etapa \u00e9 encaminhar o projeto para a C\u00e2mara de Vereadores<\/p>\n\n\n\n<p>O projeto para moderniza\u00e7\u00e3o da ilumina\u00e7\u00e3o p\u00fablica de Santa Rosa teve avan\u00e7o nessa semana. O vice prefeito Aldemir Ulrich participou de uma reuni\u00e3o com um grupo do cons\u00f3rcio. O munic\u00edpio est\u00e1 participando desse cons\u00f3rcio entre v\u00e1rias cidades para a troca de 100% da ilumina\u00e7\u00e3o por led.<br><br>Participaram da reuni\u00e3o, Jo\u00e3o Ernesto Schemmer, Secret\u00e1rio Executivo do COMAJA Cons\u00f3rcio de Desenvolvimento Intermunicipal do Alto Jacu\u00ed e Alto da Serra do Botucara\u00ed, Hoylson Trevisol da Quark Engenharia, empresa ganhadora da tomada de pre\u00e7o e o propriet\u00e1rio da empresa LEDSTAR, J\u00falio C\u00e9sar do Vale Costa. Na ocasi\u00e3o, foi abordada a viabiliza\u00e7\u00e3o do projeto para dar segmento na troca da ilumina\u00e7\u00e3o p\u00fablica.<br><br>A pr\u00f3xima etapa \u00e9 encaminhar o projeto para a C\u00e2mara de Vereadores. O vice Aldemir Ulrich, destaca que o quanto antes quer colocar em pr\u00e1tica esse importante projeto, \u201cCome\u00e7aremos a troca das l\u00e2mpadas pelos bairros, atrav\u00e9s de equipes que ir\u00e3o coordenar o trabalho. Nosso objetivo \u00e9 at\u00e9 final do ano ter iniciado as substitui\u00e7\u00f5es\u201d.<br><br>Essa \u00e9 uma das principais pautas que o Governo Municipal vem tratando desde o in\u00edcio do ano. Com a redu\u00e7\u00e3o do gasto mensal com ilumina\u00e7\u00e3o ser\u00e1 poss\u00edvel viabilizar o projeto que deve ser custeado em 5 anos. Esta troca vai proporcionar qualidade e economia, al\u00e9m de modernizar a cidade. Santa Rosa tem um total de 11 mil l\u00e2mpadas (cidade e interior).<\/p>\n","protected":false},"excerpt":{"rendered":"<p>A pr\u00f3xima etapa \u00e9 encaminhar o projeto para a C\u00e2mara de Vereadores O projeto para moderniza\u00e7\u00e3o da ilumina\u00e7\u00e3o p\u00fablica de<\/p>\n","protected":false},"author":3,"featured_media":1254,"comment_status":"open","ping_status":"open","sticky":false,"template":"","format":"standard","meta":{"footnotes":""},"categories":[4,9],"tags":[],"class_list":["post-1253","post","type-post","status-publish","format-standard","has-post-thumbnail","hentry","category-noticias","category-gabinete-do-vice-prefeito"],"aioseo_notices":[],"_links":{"self":[{"href":"https:\/\/prefeitura.santarosa.rs.gov.br\/index.php?rest_route=\/wp\/v2\/posts\/1253","targetHints":{"allow":["GET"]}}],"collection":[{"href":"https:\/\/prefeitura.santarosa.rs.gov.br\/index.php?rest_route=\/wp\/v2\/posts"}],"about":[{"href":"https:\/\/prefeitura.santarosa.rs.gov.br\/index.php?rest_route=\/wp\/v2\/types\/post"}],"author":[{"embeddable":true,"href":"https:\/\/prefeitura.santarosa.rs.gov.br\/index.php?rest_route=\/wp\/v2\/users\/3"}],"replies":[{"embeddable":true,"href":"https:\/\/prefeitura.santarosa.rs.gov.br\/index.php?rest_route=%2Fwp%2Fv2%2Fcomments&post=1253"}],"version-history":[{"count":1,"href":"https:\/\/prefeitura.santarosa.rs.gov.br\/index.php?rest_route=\/wp\/v2\/posts\/1253\/revisions"}],"predecessor-version":[{"id":1255,"href":"https:\/\/prefeitura.santarosa.rs.gov.br\/index.php?rest_route=\/wp\/v2\/posts\/1253\/revisions\/1255"}],"wp:featuredmedia":[{"embeddable":true,"href":"https:\/\/prefeitura.santarosa.rs.gov.br\/index.php?rest_route=\/wp\/v2\/media\/1254"}],"wp:attachment":[{"href":"https:\/\/prefeitura.santarosa.rs.gov.br\/index.php?rest_route=%2Fwp%2Fv2%2Fmedia&parent=1253"}],"wp:term":[{"taxonomy":"category","embeddable":true,"href":"https:\/\/prefeitura.santarosa.rs.gov.br\/index.php?rest_route=%2Fwp%2Fv2%2Fcategories&post=1253"},{"taxonomy":"post_tag","embeddable":true,"href":"https:\/\/prefeitura.santarosa.rs.gov.br\/index.php?rest_route=%2Fwp%2Fv2%2Ftags&post=1253"}],"curies":[{"name":"wp","href":"https:\/\/api.w.org\/{rel}","templated":true}]}}