{"id":12523,"date":"2025-01-21T09:29:19","date_gmt":"2025-01-21T12:29:19","guid":{"rendered":"https:\/\/prefeitura.santarosa.rs.gov.br\/?p=12523"},"modified":"2025-01-21T09:29:19","modified_gmt":"2025-01-21T12:29:19","slug":"obra-da-avenida-augusto-pestana-esta-50-concluida","status":"publish","type":"post","link":"https:\/\/prefeitura.santarosa.rs.gov.br\/?p=12523","title":{"rendered":"Obra da Avenida Augusto Pestana est\u00e1 50% conclu\u00edda"},"content":{"rendered":"\n<figure class=\"wp-block-image size-full\"><img fetchpriority=\"high\" decoding=\"async\" width=\"860\" height=\"645\" src=\"https:\/\/prefeitura.santarosa.rs.gov.br\/wp-content\/uploads\/2025\/01\/Formato-Site-e-Portal-860X645-JPG-88.jpg\" alt=\"\" class=\"wp-image-12524\" srcset=\"https:\/\/prefeitura.santarosa.rs.gov.br\/wp-content\/uploads\/2025\/01\/Formato-Site-e-Portal-860X645-JPG-88.jpg 860w, https:\/\/prefeitura.santarosa.rs.gov.br\/wp-content\/uploads\/2025\/01\/Formato-Site-e-Portal-860X645-JPG-88-300x225.jpg 300w, https:\/\/prefeitura.santarosa.rs.gov.br\/wp-content\/uploads\/2025\/01\/Formato-Site-e-Portal-860X645-JPG-88-768x576.jpg 768w\" sizes=\"(max-width: 860px) 100vw, 860px\" \/><\/figure>\n\n\n\n<p>A obra de pavimenta\u00e7\u00e3o asf\u00e1ltica da Avenida Augusto Pestana, no Bairro Cruzeiro, j\u00e1 est\u00e1 com 50% dos servi\u00e7os conclu\u00eddos. O projeto est\u00e1 sendo executado com um investimento de mais de R$ 3,8 milh\u00f5es. O trecho da obra abrange uma extens\u00e3o de 23.350 metros quadrados, entre a Avenida Firmino de Paula e a Avenida Buric\u00e1.<br>Uma das grandes novidades deste projeto \u00e9 a constru\u00e7\u00e3o de uma segunda pista no trecho atualmente de via simples, al\u00e9m da pavimenta\u00e7\u00e3o asf\u00e1ltica do cal\u00e7amento existente. O prefeito em exerc\u00edcio, Aldemir Ulrich, esteve no local e vistoriou o andamento da obra e ressaltou a import\u00e2ncia dessa melhoria para a cidade, \u201cEstamos trabalhando para garantir uma infraestrutura de qualidade, que promova o crescimento e o desenvolvimento de Santa Rosa. A pavimenta\u00e7\u00e3o da Avenida Augusto Pestana \u00e9 mais um passo importante nesse processo, que vai beneficiar diretamente a mobilidade e o dia a dia dos nossos cidad\u00e3os\u201d.<br>Os servi\u00e7os em andamento incluem a execu\u00e7\u00e3o de meio-fio e sarjeta de concreto, instala\u00e7\u00e3o de rede de drenagem, constru\u00e7\u00e3o de base e sub-base, al\u00e9m de rampas de acessibilidade, nivelamento de tampas da Aegea\/Corsan e sinaliza\u00e7\u00e3o horizontal e vertical. A previs\u00e3o \u00e9 que a obra seja conclu\u00edda at\u00e9 abril de 2025.<\/p>\n","protected":false},"excerpt":{"rendered":"<p>A obra de pavimenta\u00e7\u00e3o asf\u00e1ltica da Avenida Augusto Pestana, no Bairro Cruzeiro, j\u00e1 est\u00e1 com 50% dos servi\u00e7os conclu\u00eddos. O<\/p>\n","protected":false},"author":6,"featured_media":12525,"comment_status":"closed","ping_status":"closed","sticky":false,"template":"","format":"standard","meta":{"footnotes":""},"categories":[4,27],"tags":[],"class_list":["post-12523","post","type-post","status-publish","format-standard","has-post-thumbnail","hentry","category-noticias","category-secretaria-municipal-de-mobilidade-urbana"],"aioseo_notices":[],"_links":{"self":[{"href":"https:\/\/prefeitura.santarosa.rs.gov.br\/index.php?rest_route=\/wp\/v2\/posts\/12523","targetHints":{"allow":["GET"]}}],"collection":[{"href":"https:\/\/prefeitura.santarosa.rs.gov.br\/index.php?rest_route=\/wp\/v2\/posts"}],"about":[{"href":"https:\/\/prefeitura.santarosa.rs.gov.br\/index.php?rest_route=\/wp\/v2\/types\/post"}],"author":[{"embeddable":true,"href":"https:\/\/prefeitura.santarosa.rs.gov.br\/index.php?rest_route=\/wp\/v2\/users\/6"}],"replies":[{"embeddable":true,"href":"https:\/\/prefeitura.santarosa.rs.gov.br\/index.php?rest_route=%2Fwp%2Fv2%2Fcomments&post=12523"}],"version-history":[{"count":1,"href":"https:\/\/prefeitura.santarosa.rs.gov.br\/index.php?rest_route=\/wp\/v2\/posts\/12523\/revisions"}],"predecessor-version":[{"id":12526,"href":"https:\/\/prefeitura.santarosa.rs.gov.br\/index.php?rest_route=\/wp\/v2\/posts\/12523\/revisions\/12526"}],"wp:featuredmedia":[{"embeddable":true,"href":"https:\/\/prefeitura.santarosa.rs.gov.br\/index.php?rest_route=\/wp\/v2\/media\/12525"}],"wp:attachment":[{"href":"https:\/\/prefeitura.santarosa.rs.gov.br\/index.php?rest_route=%2Fwp%2Fv2%2Fmedia&parent=12523"}],"wp:term":[{"taxonomy":"category","embeddable":true,"href":"https:\/\/prefeitura.santarosa.rs.gov.br\/index.php?rest_route=%2Fwp%2Fv2%2Fcategories&post=12523"},{"taxonomy":"post_tag","embeddable":true,"href":"https:\/\/prefeitura.santarosa.rs.gov.br\/index.php?rest_route=%2Fwp%2Fv2%2Ftags&post=12523"}],"curies":[{"name":"wp","href":"https:\/\/api.w.org\/{rel}","templated":true}]}}