{"id":12514,"date":"2025-01-20T16:13:35","date_gmt":"2025-01-20T19:13:35","guid":{"rendered":"https:\/\/prefeitura.santarosa.rs.gov.br\/?p=12514"},"modified":"2025-01-20T16:13:35","modified_gmt":"2025-01-20T19:13:35","slug":"retrospectivas-2024-unidades-basicas-de-saude-balnearia","status":"publish","type":"post","link":"https:\/\/prefeitura.santarosa.rs.gov.br\/?p=12514","title":{"rendered":"Retrospectivas 2024 Unidades B\u00e1sicas de Sa\u00fade: Balne\u00e1ria"},"content":{"rendered":"\n<figure class=\"wp-block-image size-full\"><img fetchpriority=\"high\" decoding=\"async\" width=\"860\" height=\"645\" src=\"https:\/\/prefeitura.santarosa.rs.gov.br\/wp-content\/uploads\/2025\/01\/Formato-Site-e-Portal-860X645-JPG-86.jpg\" alt=\"\" class=\"wp-image-12515\" srcset=\"https:\/\/prefeitura.santarosa.rs.gov.br\/wp-content\/uploads\/2025\/01\/Formato-Site-e-Portal-860X645-JPG-86.jpg 860w, https:\/\/prefeitura.santarosa.rs.gov.br\/wp-content\/uploads\/2025\/01\/Formato-Site-e-Portal-860X645-JPG-86-300x225.jpg 300w, https:\/\/prefeitura.santarosa.rs.gov.br\/wp-content\/uploads\/2025\/01\/Formato-Site-e-Portal-860X645-JPG-86-768x576.jpg 768w\" sizes=\"(max-width: 860px) 100vw, 860px\" \/><\/figure>\n\n\n\n<p><br>O Governo Municipal apresenta nesta segunda-feira (20), a retrospectiva da Unidade B\u00e1sica de Sa\u00fade Balne\u00e1ria. A UBS celebrou 14 anos de cria\u00e7\u00e3o em 2024. De janeiro a dezembro, a equipe multiprofissional que atua no local realizou mais de 7 mil procedimentos, para uma popula\u00e7\u00e3o de 4.197 habitantes, sendo 2.075 homens e 2.122 mulheres.<br>Um dos destaques da unidade foi o n\u00famero expressivo de consultas odontol\u00f3gicas, que somaram 5.837 atendimentos. Al\u00e9m disso, foram realizadas cerca de 18 mil visitas domiciliares, garantindo que as necessidades de sa\u00fade da popula\u00e7\u00e3o fossem atendidas de forma cont\u00ednua e personalizada. A Coordenadora da UBS, Clair Maria Werepkowski, comentou sobre as a\u00e7\u00f5es promovidas em 2024, &#8220;Estamos sempre comprometidos com a melhoria constante dos servi\u00e7os ofertados para a comunidade, proporcionando um atendimento de qualidade e promovendo a sa\u00fade de forma integral. Realizamos diversas a\u00e7\u00f5es, como oficinas terap\u00eauticas, o Encontro Outubro Rosa e a aplica\u00e7\u00e3o de Auriculoterapia, que s\u00e3o apenas alguns dos projetos executados no decorrer do ano&#8221;.<br>Em 2024, a UBS tamb\u00e9m foi contemplada com melhorias na infraestrutura, como a pintura e manuten\u00e7\u00e3o do pr\u00e9dio, o que proporcionou um ambiente ainda mais acolhedor para os pacientes. O Presidente da FUMSSAR, D\u00e9lcio Stefan, refor\u00e7ou a import\u00e2ncia das a\u00e7\u00f5es integradas nas unidades de sa\u00fade, &#8220;Com 18 unidades de sa\u00fade espalhadas pela cidade e interior, nossa gest\u00e3o segue firme no compromisso de oferecer o melhor cuidado, com profissionais qualificados e a\u00e7\u00f5es que promovam a sa\u00fade integral de todos os santa-rosenses&#8221;.<br>Para 2025, a coordena\u00e7\u00e3o da unidade planeja dar continuidade aos projetos voltados para o acompanhamento de doen\u00e7as cr\u00f4nicas, com rodas de conversa e encontros focados na promo\u00e7\u00e3o da sa\u00fade e preven\u00e7\u00e3o de doen\u00e7as. A Unidade B\u00e1sica de Sa\u00fade Balne\u00e1ria fica localizada na Rua Castro Alves, n\u00ba 47, na Vila Balne\u00e1ria.<\/p>\n\n\n\n<p><\/p>\n\n\n\n<p><\/p>\n\n\n\n<p><\/p>\n","protected":false},"excerpt":{"rendered":"<p>O Governo Municipal apresenta nesta segunda-feira (20), a retrospectiva da Unidade B\u00e1sica de Sa\u00fade Balne\u00e1ria. A UBS celebrou 14 anos<\/p>\n","protected":false},"author":6,"featured_media":12516,"comment_status":"closed","ping_status":"closed","sticky":false,"template":"","format":"standard","meta":{"footnotes":""},"categories":[4,8],"tags":[],"class_list":["post-12514","post","type-post","status-publish","format-standard","has-post-thumbnail","hentry","category-noticias","category-noticias-fumssar"],"aioseo_notices":[],"_links":{"self":[{"href":"https:\/\/prefeitura.santarosa.rs.gov.br\/index.php?rest_route=\/wp\/v2\/posts\/12514","targetHints":{"allow":["GET"]}}],"collection":[{"href":"https:\/\/prefeitura.santarosa.rs.gov.br\/index.php?rest_route=\/wp\/v2\/posts"}],"about":[{"href":"https:\/\/prefeitura.santarosa.rs.gov.br\/index.php?rest_route=\/wp\/v2\/types\/post"}],"author":[{"embeddable":true,"href":"https:\/\/prefeitura.santarosa.rs.gov.br\/index.php?rest_route=\/wp\/v2\/users\/6"}],"replies":[{"embeddable":true,"href":"https:\/\/prefeitura.santarosa.rs.gov.br\/index.php?rest_route=%2Fwp%2Fv2%2Fcomments&post=12514"}],"version-history":[{"count":1,"href":"https:\/\/prefeitura.santarosa.rs.gov.br\/index.php?rest_route=\/wp\/v2\/posts\/12514\/revisions"}],"predecessor-version":[{"id":12517,"href":"https:\/\/prefeitura.santarosa.rs.gov.br\/index.php?rest_route=\/wp\/v2\/posts\/12514\/revisions\/12517"}],"wp:featuredmedia":[{"embeddable":true,"href":"https:\/\/prefeitura.santarosa.rs.gov.br\/index.php?rest_route=\/wp\/v2\/media\/12516"}],"wp:attachment":[{"href":"https:\/\/prefeitura.santarosa.rs.gov.br\/index.php?rest_route=%2Fwp%2Fv2%2Fmedia&parent=12514"}],"wp:term":[{"taxonomy":"category","embeddable":true,"href":"https:\/\/prefeitura.santarosa.rs.gov.br\/index.php?rest_route=%2Fwp%2Fv2%2Fcategories&post=12514"},{"taxonomy":"post_tag","embeddable":true,"href":"https:\/\/prefeitura.santarosa.rs.gov.br\/index.php?rest_route=%2Fwp%2Fv2%2Ftags&post=12514"}],"curies":[{"name":"wp","href":"https:\/\/api.w.org\/{rel}","templated":true}]}}