{"id":12509,"date":"2025-01-20T10:11:42","date_gmt":"2025-01-20T13:11:42","guid":{"rendered":"https:\/\/prefeitura.santarosa.rs.gov.br\/?p=12509"},"modified":"2025-01-20T10:11:43","modified_gmt":"2025-01-20T13:11:43","slug":"retrospectivas-2024-escolas-municipais-emei-caminhos-do-saber","status":"publish","type":"post","link":"https:\/\/prefeitura.santarosa.rs.gov.br\/?p=12509","title":{"rendered":"Retrospectivas 2024 Escolas Municipais: EMEI Caminhos do Saber"},"content":{"rendered":"\n<figure class=\"wp-block-image size-full\"><img fetchpriority=\"high\" decoding=\"async\" width=\"860\" height=\"645\" src=\"https:\/\/prefeitura.santarosa.rs.gov.br\/wp-content\/uploads\/2025\/01\/Formato-Site-e-Portal-860X645-JPG-84.jpg\" alt=\"\" class=\"wp-image-12510\" srcset=\"https:\/\/prefeitura.santarosa.rs.gov.br\/wp-content\/uploads\/2025\/01\/Formato-Site-e-Portal-860X645-JPG-84.jpg 860w, https:\/\/prefeitura.santarosa.rs.gov.br\/wp-content\/uploads\/2025\/01\/Formato-Site-e-Portal-860X645-JPG-84-300x225.jpg 300w, https:\/\/prefeitura.santarosa.rs.gov.br\/wp-content\/uploads\/2025\/01\/Formato-Site-e-Portal-860X645-JPG-84-768x576.jpg 768w\" sizes=\"(max-width: 860px) 100vw, 860px\" \/><\/figure>\n\n\n\n<p>H\u00e1 25 anos como parte da Rede Municipal de Ensino, a EMEI Caminhos do Saber, \u00e9 uma das 20 escolas de Educa\u00e7\u00e3o Infantil de Santa Rosa. Em 2024, a equipe que atua no local realizou diversas a\u00e7\u00f5es, entre elas, as tradicionais festas como a Festa Junina, o Ch\u00e1 das M\u00e3es, o Dia dos Pais, o Dia da Fam\u00edlia, o Desfile C\u00edvico e a atividade de encerramento do ano letivo. Al\u00e9m disso, as reuni\u00f5es e forma\u00e7\u00f5es para os pais continuaram sendo fundamentais para estreitar os la\u00e7os entre escola e fam\u00edlia, tornando o processo educativo ainda mais eficaz e colaborativo.<\/p>\n\n\n\n<p>Um dos destaques de 2024, foi a aprova\u00e7\u00e3o de um projeto no Fundo Social do Sicredi, que possibilitou a aquisi\u00e7\u00e3o de novos eletrodom\u00e9sticos para o refeit\u00f3rio, reformas no parquinho e pintura da escola, al\u00e9m da cria\u00e7\u00e3o de um novo espa\u00e7o l\u00fadico para as crian\u00e7as. A diretora Marlise Engel Leite, destacou o trabalho realizado na EMEI, \u201cO ano que passou foi de muitas descobertas e realiza\u00e7\u00f5es. Continuamos nosso trabalho com o cora\u00e7\u00e3o voltado para o desenvolvimento pleno de nossos alunos e para a constru\u00e7\u00e3o de uma educa\u00e7\u00e3o que envolva, valorize e transforme. Temos a certeza de que, com o apoio das fam\u00edlias e da comunidade escolar, estamos no caminho certo\u201d.<\/p>\n\n\n\n<p>Para o ano de 2025, a dire\u00e7\u00e3o j\u00e1 tem v\u00e1rias a\u00e7\u00f5es planejadas, como forma\u00e7\u00f5es para a equipe escolar, a constru\u00e7\u00e3o de um sol\u00e1rio para o ber\u00e7\u00e1rio, aquisi\u00e7\u00e3o de brinquedos novos e melhorias na infraestrutura. A EMEI Caminhos do Saber possui 144 alunos matriculados, em turmas de ber\u00e7\u00e1rio a pr\u00e9-escola.<\/p>\n","protected":false},"excerpt":{"rendered":"<p>H\u00e1 25 anos como parte da Rede Municipal de Ensino, a EMEI Caminhos do Saber, \u00e9 uma das 20 escolas<\/p>\n","protected":false},"author":6,"featured_media":12511,"comment_status":"closed","ping_status":"closed","sticky":false,"template":"","format":"standard","meta":{"footnotes":""},"categories":[4],"tags":[],"class_list":["post-12509","post","type-post","status-publish","format-standard","has-post-thumbnail","hentry","category-noticias"],"aioseo_notices":[],"_links":{"self":[{"href":"https:\/\/prefeitura.santarosa.rs.gov.br\/index.php?rest_route=\/wp\/v2\/posts\/12509","targetHints":{"allow":["GET"]}}],"collection":[{"href":"https:\/\/prefeitura.santarosa.rs.gov.br\/index.php?rest_route=\/wp\/v2\/posts"}],"about":[{"href":"https:\/\/prefeitura.santarosa.rs.gov.br\/index.php?rest_route=\/wp\/v2\/types\/post"}],"author":[{"embeddable":true,"href":"https:\/\/prefeitura.santarosa.rs.gov.br\/index.php?rest_route=\/wp\/v2\/users\/6"}],"replies":[{"embeddable":true,"href":"https:\/\/prefeitura.santarosa.rs.gov.br\/index.php?rest_route=%2Fwp%2Fv2%2Fcomments&post=12509"}],"version-history":[{"count":1,"href":"https:\/\/prefeitura.santarosa.rs.gov.br\/index.php?rest_route=\/wp\/v2\/posts\/12509\/revisions"}],"predecessor-version":[{"id":12512,"href":"https:\/\/prefeitura.santarosa.rs.gov.br\/index.php?rest_route=\/wp\/v2\/posts\/12509\/revisions\/12512"}],"wp:featuredmedia":[{"embeddable":true,"href":"https:\/\/prefeitura.santarosa.rs.gov.br\/index.php?rest_route=\/wp\/v2\/media\/12511"}],"wp:attachment":[{"href":"https:\/\/prefeitura.santarosa.rs.gov.br\/index.php?rest_route=%2Fwp%2Fv2%2Fmedia&parent=12509"}],"wp:term":[{"taxonomy":"category","embeddable":true,"href":"https:\/\/prefeitura.santarosa.rs.gov.br\/index.php?rest_route=%2Fwp%2Fv2%2Fcategories&post=12509"},{"taxonomy":"post_tag","embeddable":true,"href":"https:\/\/prefeitura.santarosa.rs.gov.br\/index.php?rest_route=%2Fwp%2Fv2%2Ftags&post=12509"}],"curies":[{"name":"wp","href":"https:\/\/api.w.org\/{rel}","templated":true}]}}