{"id":12500,"date":"2025-01-17T11:02:07","date_gmt":"2025-01-17T14:02:07","guid":{"rendered":"https:\/\/prefeitura.santarosa.rs.gov.br\/?p=12500"},"modified":"2025-01-17T11:02:08","modified_gmt":"2025-01-17T14:02:08","slug":"prefeito-aldemir-sanciona-leis-para-reajustes-de-salarios-e-vale-alimentacao-dos-servidores","status":"publish","type":"post","link":"https:\/\/prefeitura.santarosa.rs.gov.br\/?p=12500","title":{"rendered":"Prefeito Aldemir sanciona Leis para reajustes de sal\u00e1rios e vale-alimenta\u00e7\u00e3o dos servidores"},"content":{"rendered":"\n<figure class=\"wp-block-image size-full\"><img fetchpriority=\"high\" decoding=\"async\" width=\"860\" height=\"645\" src=\"https:\/\/prefeitura.santarosa.rs.gov.br\/wp-content\/uploads\/2025\/01\/Formato-Site-e-Portal-860X645-JPG-82.jpg\" alt=\"\" class=\"wp-image-12501\" srcset=\"https:\/\/prefeitura.santarosa.rs.gov.br\/wp-content\/uploads\/2025\/01\/Formato-Site-e-Portal-860X645-JPG-82.jpg 860w, https:\/\/prefeitura.santarosa.rs.gov.br\/wp-content\/uploads\/2025\/01\/Formato-Site-e-Portal-860X645-JPG-82-300x225.jpg 300w, https:\/\/prefeitura.santarosa.rs.gov.br\/wp-content\/uploads\/2025\/01\/Formato-Site-e-Portal-860X645-JPG-82-768x576.jpg 768w\" sizes=\"(max-width: 860px) 100vw, 860px\" \/><\/figure>\n\n\n\n<p>Na manh\u00e3 desta sexta-feira (17), o Prefeito Aldemir Ulrich sancionou seis leis municipais. Os projetos foram aprovados pela C\u00e2mara de Vereadores nesta semana. As leis sancionadas preveem um aumento real de 1% (um por cento) para todos os servidores municipais, conforme acordo efetivado desde 2021, e a amplia\u00e7\u00e3o no percentual de 10% do valor do vale-alimenta\u00e7\u00e3o de R$ 600,00 para R$ 660,00. Quando o atual governo assumiu em 2021, o vale era de R$ 360,00.<\/p>\n\n\n\n<p>Outra mudan\u00e7a importante \u00e9 a reposi\u00e7\u00e3o inflacion\u00e1ria do per\u00edodo de 12 meses, conforme a varia\u00e7\u00e3o do INPC, no valor de 4,77% para os servidores. Ao sancionar as leis, o prefeito Aldemir destacou a relev\u00e2ncia das mudan\u00e7as, \u201cEstamos sempre em busca de proporcionar melhores condi\u00e7\u00f5es aos servidores municipais que contribuem diariamente para o desenvolvimento do nosso munic\u00edpio\u201d.<\/p>\n\n\n\n<p>Al\u00e9m disso, houve o reajuste da bolsa-aux\u00edlio para os estagi\u00e1rios que atuam na Administra\u00e7\u00e3o Municipal. O valor passou para R$ 866,67 para os estudantes de educa\u00e7\u00e3o especial e de anos finais do ensino fundamental, na modalidade profissional de educa\u00e7\u00e3o de jovens e adultos, com carga hor\u00e1ria semanal de 20 horas, e para R$ 1.300,00 para os estudantes de ensino superior, de educa\u00e7\u00e3o profissional de n\u00edvel m\u00e9dio e de ensino m\u00e9dio regular, com carga hor\u00e1ria semanal de 30 horas.<\/p>\n","protected":false},"excerpt":{"rendered":"<p>Na manh\u00e3 desta sexta-feira (17), o Prefeito Aldemir Ulrich sancionou seis leis municipais. Os projetos foram aprovados pela C\u00e2mara de<\/p>\n","protected":false},"author":6,"featured_media":12502,"comment_status":"closed","ping_status":"closed","sticky":false,"template":"","format":"standard","meta":{"footnotes":""},"categories":[4,9],"tags":[],"class_list":["post-12500","post","type-post","status-publish","format-standard","has-post-thumbnail","hentry","category-noticias","category-gabinete-do-vice-prefeito"],"aioseo_notices":[],"_links":{"self":[{"href":"https:\/\/prefeitura.santarosa.rs.gov.br\/index.php?rest_route=\/wp\/v2\/posts\/12500","targetHints":{"allow":["GET"]}}],"collection":[{"href":"https:\/\/prefeitura.santarosa.rs.gov.br\/index.php?rest_route=\/wp\/v2\/posts"}],"about":[{"href":"https:\/\/prefeitura.santarosa.rs.gov.br\/index.php?rest_route=\/wp\/v2\/types\/post"}],"author":[{"embeddable":true,"href":"https:\/\/prefeitura.santarosa.rs.gov.br\/index.php?rest_route=\/wp\/v2\/users\/6"}],"replies":[{"embeddable":true,"href":"https:\/\/prefeitura.santarosa.rs.gov.br\/index.php?rest_route=%2Fwp%2Fv2%2Fcomments&post=12500"}],"version-history":[{"count":1,"href":"https:\/\/prefeitura.santarosa.rs.gov.br\/index.php?rest_route=\/wp\/v2\/posts\/12500\/revisions"}],"predecessor-version":[{"id":12503,"href":"https:\/\/prefeitura.santarosa.rs.gov.br\/index.php?rest_route=\/wp\/v2\/posts\/12500\/revisions\/12503"}],"wp:featuredmedia":[{"embeddable":true,"href":"https:\/\/prefeitura.santarosa.rs.gov.br\/index.php?rest_route=\/wp\/v2\/media\/12502"}],"wp:attachment":[{"href":"https:\/\/prefeitura.santarosa.rs.gov.br\/index.php?rest_route=%2Fwp%2Fv2%2Fmedia&parent=12500"}],"wp:term":[{"taxonomy":"category","embeddable":true,"href":"https:\/\/prefeitura.santarosa.rs.gov.br\/index.php?rest_route=%2Fwp%2Fv2%2Fcategories&post=12500"},{"taxonomy":"post_tag","embeddable":true,"href":"https:\/\/prefeitura.santarosa.rs.gov.br\/index.php?rest_route=%2Fwp%2Fv2%2Ftags&post=12500"}],"curies":[{"name":"wp","href":"https:\/\/api.w.org\/{rel}","templated":true}]}}