{"id":1250,"date":"2021-07-08T14:48:00","date_gmt":"2021-07-08T17:48:00","guid":{"rendered":"https:\/\/prefeitura.santarosa.rs.gov.br\/?p=1250"},"modified":"2024-10-07T09:55:01","modified_gmt":"2024-10-07T12:55:01","slug":"servidores-do-esporte-participam-de-curso-paralimpico","status":"publish","type":"post","link":"https:\/\/prefeitura.santarosa.rs.gov.br\/?p=1250","title":{"rendered":"Servidores do Esporte participam de Curso Paral\u00edmpico"},"content":{"rendered":"\n<p>Para ter uma sociedade mais inclusiva, \u00e9 importante trabalhar com essa pauta.<\/p>\n\n\n\n<p>Segundo o IBGE, cerca de 45 milh\u00f5es de brasileiros possuem algum tipo de defici\u00eancia. Para ter uma sociedade mais inclusiva, \u00e9 importante trabalhar com essa pauta. Pensando nisso que a equipe da Secretaria de Esportes participou do curso Movimento Paral\u00edmpico. Uma oportunidade de qualifica\u00e7\u00e3o com foco em li\u00e7\u00f5es de respeito e empatia aos jovens ainda no ambiente escolar e nas pr\u00e1ticas esportivas de inclus\u00e3o.<br><br>Servidores e professores de educa\u00e7\u00e3o f\u00edsica da Secretaria de Esportes participaram, do curso online(gratuito) Movimento Paral\u00edmpico: fundamentos b\u00e1sicos do esporte, desenvolvido pelo Comit\u00ea Paral\u00edmpico Brasileiro em parceria com a Universidade Federal de Uberl\u00e2ndia e o programa Impulsiona Educa\u00e7\u00e3o Esportiva. O Secret\u00e1rio Fernando Classmann destaca a import\u00e2ncia dos profissionais estarem em constante qualifica\u00e7\u00e3o, &#8220;Entendemos que os cursos de capacita\u00e7\u00e3o promovem o aperfei\u00e7oamento dos servidores e motivam os mesmos a pensar na cria\u00e7\u00e3o de novas a\u00e7\u00f5es inclusivas para os eventos promovidos no munic\u00edpio&#8221;.<br><br>Tornar os alunos mais ativos e saud\u00e1veis, planejar aulas de educa\u00e7\u00e3o f\u00edsica, lidar com a limita\u00e7\u00e3o de materiais e equipamentos de forma criativa, foram alguns dos desafios propostos pelo curso. Receberam diploma os professores Redencio Welter, Alvaro Perini juntamente com o Sec. de Esporte Fernando Classmann e o Diretor Fernando Borella.<\/p>\n","protected":false},"excerpt":{"rendered":"<p>Para ter uma sociedade mais inclusiva, \u00e9 importante trabalhar com essa pauta. Segundo o IBGE, cerca de 45 milh\u00f5es de<\/p>\n","protected":false},"author":3,"featured_media":1251,"comment_status":"open","ping_status":"open","sticky":false,"template":"","format":"standard","meta":{"footnotes":""},"categories":[4,19],"tags":[],"class_list":["post-1250","post","type-post","status-publish","format-standard","has-post-thumbnail","hentry","category-noticias","category-secretaria-municipal-de-esporte"],"aioseo_notices":[],"_links":{"self":[{"href":"https:\/\/prefeitura.santarosa.rs.gov.br\/index.php?rest_route=\/wp\/v2\/posts\/1250","targetHints":{"allow":["GET"]}}],"collection":[{"href":"https:\/\/prefeitura.santarosa.rs.gov.br\/index.php?rest_route=\/wp\/v2\/posts"}],"about":[{"href":"https:\/\/prefeitura.santarosa.rs.gov.br\/index.php?rest_route=\/wp\/v2\/types\/post"}],"author":[{"embeddable":true,"href":"https:\/\/prefeitura.santarosa.rs.gov.br\/index.php?rest_route=\/wp\/v2\/users\/3"}],"replies":[{"embeddable":true,"href":"https:\/\/prefeitura.santarosa.rs.gov.br\/index.php?rest_route=%2Fwp%2Fv2%2Fcomments&post=1250"}],"version-history":[{"count":1,"href":"https:\/\/prefeitura.santarosa.rs.gov.br\/index.php?rest_route=\/wp\/v2\/posts\/1250\/revisions"}],"predecessor-version":[{"id":1252,"href":"https:\/\/prefeitura.santarosa.rs.gov.br\/index.php?rest_route=\/wp\/v2\/posts\/1250\/revisions\/1252"}],"wp:featuredmedia":[{"embeddable":true,"href":"https:\/\/prefeitura.santarosa.rs.gov.br\/index.php?rest_route=\/wp\/v2\/media\/1251"}],"wp:attachment":[{"href":"https:\/\/prefeitura.santarosa.rs.gov.br\/index.php?rest_route=%2Fwp%2Fv2%2Fmedia&parent=1250"}],"wp:term":[{"taxonomy":"category","embeddable":true,"href":"https:\/\/prefeitura.santarosa.rs.gov.br\/index.php?rest_route=%2Fwp%2Fv2%2Fcategories&post=1250"},{"taxonomy":"post_tag","embeddable":true,"href":"https:\/\/prefeitura.santarosa.rs.gov.br\/index.php?rest_route=%2Fwp%2Fv2%2Ftags&post=1250"}],"curies":[{"name":"wp","href":"https:\/\/api.w.org\/{rel}","templated":true}]}}