{"id":12487,"date":"2025-01-16T15:00:34","date_gmt":"2025-01-16T18:00:34","guid":{"rendered":"https:\/\/prefeitura.santarosa.rs.gov.br\/?p=12487"},"modified":"2025-01-16T15:00:35","modified_gmt":"2025-01-16T18:00:35","slug":"retrospectivas-2024-escolas-municipais-emei-mundo-da-crianca","status":"publish","type":"post","link":"https:\/\/prefeitura.santarosa.rs.gov.br\/?p=12487","title":{"rendered":"Retrospectivas 2024 Escolas Municipais: EMEI Mundo da Crian\u00e7a"},"content":{"rendered":"\n<figure class=\"wp-block-image size-full\"><img fetchpriority=\"high\" decoding=\"async\" width=\"860\" height=\"645\" src=\"https:\/\/prefeitura.santarosa.rs.gov.br\/wp-content\/uploads\/2025\/01\/Formato-Site-e-Portal-860X645-JPG-79.jpg\" alt=\"\" class=\"wp-image-12488\" srcset=\"https:\/\/prefeitura.santarosa.rs.gov.br\/wp-content\/uploads\/2025\/01\/Formato-Site-e-Portal-860X645-JPG-79.jpg 860w, https:\/\/prefeitura.santarosa.rs.gov.br\/wp-content\/uploads\/2025\/01\/Formato-Site-e-Portal-860X645-JPG-79-300x225.jpg 300w, https:\/\/prefeitura.santarosa.rs.gov.br\/wp-content\/uploads\/2025\/01\/Formato-Site-e-Portal-860X645-JPG-79-768x576.jpg 768w\" sizes=\"(max-width: 860px) 100vw, 860px\" \/><\/figure>\n\n\n\n<p>A EMEI Mundo da Crian\u00e7a, ao longo de 43 anos de hist\u00f3ria, tem contribu\u00eddo para a forma\u00e7\u00e3o de centenas de crian\u00e7as em Santa Rosa. Com 122 alunos matriculados (71 meninos e 51 meninas), a institui\u00e7\u00e3o atende desde beb\u00eas de 4 meses at\u00e9 crian\u00e7as de 5 anos. Em 2024, a equipe que atua na escola realizou diversas a\u00e7\u00f5es pedag\u00f3gicas que envolveram toda a comunidade escolar. Foram destaque, as tradicionais festividades, como a Festa Junina e a Festa Natalina e o &#8220;Brincando no Parque&#8221;, com a exposi\u00e7\u00e3o de atividades art\u00edsticas dos alunos.<\/p>\n\n\n\n<p>A equipe da EMEI Mundo da Crian\u00e7a, composta por 18 servidores, incluindo professores, monitores, estagi\u00e1rios e auxiliares, se dedicou intensamente para proporcionar um ambiente seguro, acolhedor e estimulante para o desenvolvimento das crian\u00e7as. A diretora, Dayani Simony Freytag Dilschneider, refor\u00e7a que a uni\u00e3o da equipe foi essencial ao longo do ano, &#8220;O ano de 2024 foi cheio de desafios, mas com entusiasmo e determina\u00e7\u00e3o, nossa equipe fez a diferen\u00e7a. Ao encerrar este ciclo, nossa palavra \u00e9 gratid\u00e3o por tudo o que vivemos nesse ano que passou. Em 2025, queremos estar ainda mais fortalecidos, unidos e prontos para enfrentar uma nova miss\u00e3o com sucesso&#8221;.<\/p>\n\n\n\n<p>Em 2024, a escola atendeu 6 alunos inclusos que foram encaminhados aos centros especializados como o CAEE, CER e APAE. Embora n\u00e3o disponha de uma sala de recursos, a institui\u00e7\u00e3o se compromete em oferecer o suporte necess\u00e1rio a cada um desses alunos, garantindo um acompanhamento de qualidade. A Secret\u00e1ria de Educa\u00e7\u00e3o, Josyane Heck, destaca a import\u00e2ncia da continuidade dos projetos que visam o desenvolvimento integral das crian\u00e7as, &#8220;Nossa busca incessante por melhorar a qualidade do ensino e proporcionar uma educa\u00e7\u00e3o de excel\u00eancia segue firme. Esperamos que, em 2025, mais experi\u00eancias enriquecedoras aconte\u00e7am em todas as escolas municipais, incluindo a EMEI Mundo da Crian\u00e7a&#8221;.<br>Para o pr\u00f3ximo ano letivo, a dire\u00e7\u00e3o da EMEI Mundo da Crian\u00e7a j\u00e1 planeja a\u00e7\u00f5es, incluindo a continuidade das festas, as atividades de integra\u00e7\u00e3o familiar e o fortalecimento das pr\u00e1ticas pedag\u00f3gicas que visam sempre o melhor para as crian\u00e7as e suas fam\u00edlias.<\/p>\n","protected":false},"excerpt":{"rendered":"<p>A EMEI Mundo da Crian\u00e7a, ao longo de 43 anos de hist\u00f3ria, tem contribu\u00eddo para a forma\u00e7\u00e3o de centenas de<\/p>\n","protected":false},"author":6,"featured_media":12489,"comment_status":"closed","ping_status":"closed","sticky":false,"template":"","format":"standard","meta":{"footnotes":""},"categories":[4,18],"tags":[],"class_list":["post-12487","post","type-post","status-publish","format-standard","has-post-thumbnail","hentry","category-noticias","category-secretaria-municipal-de-educacao-e-cultura"],"aioseo_notices":[],"_links":{"self":[{"href":"https:\/\/prefeitura.santarosa.rs.gov.br\/index.php?rest_route=\/wp\/v2\/posts\/12487","targetHints":{"allow":["GET"]}}],"collection":[{"href":"https:\/\/prefeitura.santarosa.rs.gov.br\/index.php?rest_route=\/wp\/v2\/posts"}],"about":[{"href":"https:\/\/prefeitura.santarosa.rs.gov.br\/index.php?rest_route=\/wp\/v2\/types\/post"}],"author":[{"embeddable":true,"href":"https:\/\/prefeitura.santarosa.rs.gov.br\/index.php?rest_route=\/wp\/v2\/users\/6"}],"replies":[{"embeddable":true,"href":"https:\/\/prefeitura.santarosa.rs.gov.br\/index.php?rest_route=%2Fwp%2Fv2%2Fcomments&post=12487"}],"version-history":[{"count":1,"href":"https:\/\/prefeitura.santarosa.rs.gov.br\/index.php?rest_route=\/wp\/v2\/posts\/12487\/revisions"}],"predecessor-version":[{"id":12490,"href":"https:\/\/prefeitura.santarosa.rs.gov.br\/index.php?rest_route=\/wp\/v2\/posts\/12487\/revisions\/12490"}],"wp:featuredmedia":[{"embeddable":true,"href":"https:\/\/prefeitura.santarosa.rs.gov.br\/index.php?rest_route=\/wp\/v2\/media\/12489"}],"wp:attachment":[{"href":"https:\/\/prefeitura.santarosa.rs.gov.br\/index.php?rest_route=%2Fwp%2Fv2%2Fmedia&parent=12487"}],"wp:term":[{"taxonomy":"category","embeddable":true,"href":"https:\/\/prefeitura.santarosa.rs.gov.br\/index.php?rest_route=%2Fwp%2Fv2%2Fcategories&post=12487"},{"taxonomy":"post_tag","embeddable":true,"href":"https:\/\/prefeitura.santarosa.rs.gov.br\/index.php?rest_route=%2Fwp%2Fv2%2Ftags&post=12487"}],"curies":[{"name":"wp","href":"https:\/\/api.w.org\/{rel}","templated":true}]}}