{"id":12481,"date":"2025-01-15T16:37:01","date_gmt":"2025-01-15T19:37:01","guid":{"rendered":"https:\/\/prefeitura.santarosa.rs.gov.br\/?p=12481"},"modified":"2025-01-15T16:37:01","modified_gmt":"2025-01-15T19:37:01","slug":"prefeitura-e-tecnopuc-finalizam-a-fase-2-da-criacao-do-semear-agrohub-santa-rosa","status":"publish","type":"post","link":"https:\/\/prefeitura.santarosa.rs.gov.br\/?p=12481","title":{"rendered":"Prefeitura e Tecnopuc finalizam a fase 2 da cria\u00e7\u00e3o do Semear AGROHUB Santa Rosa"},"content":{"rendered":"\n<figure class=\"wp-block-image size-full\"><img fetchpriority=\"high\" decoding=\"async\" width=\"860\" height=\"645\" src=\"https:\/\/prefeitura.santarosa.rs.gov.br\/wp-content\/uploads\/2025\/01\/Formato-Site-e-Portal-860X645-JPG-78.jpg\" alt=\"\" class=\"wp-image-12482\" srcset=\"https:\/\/prefeitura.santarosa.rs.gov.br\/wp-content\/uploads\/2025\/01\/Formato-Site-e-Portal-860X645-JPG-78.jpg 860w, https:\/\/prefeitura.santarosa.rs.gov.br\/wp-content\/uploads\/2025\/01\/Formato-Site-e-Portal-860X645-JPG-78-300x225.jpg 300w, https:\/\/prefeitura.santarosa.rs.gov.br\/wp-content\/uploads\/2025\/01\/Formato-Site-e-Portal-860X645-JPG-78-768x576.jpg 768w\" sizes=\"(max-width: 860px) 100vw, 860px\" \/><\/figure>\n\n\n\n<p>A Prefeitura por meio da Secretaria de Desenvolvimento Econ\u00f4mico Turismo e Tecnologia e em parceria com o TecnoPuc, promoveu nesta ter\u00e7a e quarta-feira (14 e 15\/01), um semin\u00e1rio intensivo de finaliza\u00e7\u00e3o da fase 2 do AGROHUB Santa Rosa. O evento foi realizado na sala de reuni\u00f5es do gabinete e contou com a presen\u00e7a de empresas parceiras e de representantes de institui\u00e7\u00f5es educacionais. Na oportunidade, tamb\u00e9m foi definido o cronograma de sequ\u00eancia do projeto e das a\u00e7\u00f5es que ser\u00e3o realizadas ao longo do ano.<\/p>\n\n\n\n<p>Durante o encontro, o diretor do TecnoPuc, Dr. Lu\u00eds Humberto Villwock, destacou que o estudo realizado pelo TecnoPUC mostrou a avalia\u00e7\u00e3o da regi\u00e3o e dos principais setores, recursos dispon\u00edveis, perfis das empresas e potenciais de desenvolvimento e inova\u00e7\u00f5es, \u201cFizemos um levantamento de informa\u00e7\u00f5es sobre a regi\u00e3o Noroeste e todos os dados apontam para um cen\u00e1rio muito promissor, diria que um dos mais promissores do Rio Grande do Sul. Temos convic\u00e7\u00e3o que Santa Rosa vai ser destaque no Estado, tendo a oportunidade de reter talentos e promover ainda mais, o desenvolvimento econ\u00f4mico do munic\u00edpio\u201d.<\/p>\n\n\n\n<p>O contrato de parceria entre a Prefeitura e a PUC\/RS, institui\u00e7\u00e3o respons\u00e1vel pela instala\u00e7\u00e3o do Semear AGROHUB Santa Rosa, uma extens\u00e3o do Parque Cient\u00edfico e Tecnol\u00f3gico, foi assinado em dezembro de 2023. Pela primeira vez, o parque vai ter uma extens\u00e3o da capital no interior do Rio Grande do Sul. O Secret\u00e1rio de Desenvolvimento Econ\u00f4mico, Turismo e Tecnologia, Odaylson Eder, ressaltou que o hub vai possibilitar que Santa Rosa avance ainda mais no desenvolvimento de novas tecnologias, \u201cEste \u00e9 um grande movimento que vai beneficiar as empresas que participarem do novo parque tecnol\u00f3gico em Santa Rosa. Temos certeza, que ser\u00e1 um dos maiores centros de pesquisas da regi\u00e3o, onde ser\u00e3o desenvolvidas novas tecnologias voltadas para o setor Agro\u201d.<\/p>\n\n\n\n<p>Para o projeto, o Deputado Federal Osmar Terra, garantiu R$ 1,5 milh\u00e3o por ano atrav\u00e9s de emenda. O Prefeito Anderson Mantei tamb\u00e9m afirmou apoio com recursos para viabilidade do polo em Santa Rosa. O Governo Municipal investiu na primeira etapa do projeto, R$ 570 mil de recursos pr\u00f3prios.<\/p>\n","protected":false},"excerpt":{"rendered":"<p>A Prefeitura por meio da Secretaria de Desenvolvimento Econ\u00f4mico Turismo e Tecnologia e em parceria com o TecnoPuc, promoveu nesta<\/p>\n","protected":false},"author":6,"featured_media":12483,"comment_status":"closed","ping_status":"closed","sticky":false,"template":"","format":"standard","meta":{"footnotes":""},"categories":[4,16],"tags":[],"class_list":["post-12481","post","type-post","status-publish","format-standard","has-post-thumbnail","hentry","category-noticias","category-secretaria-municipal-de-desenvolvimento-economico-turismo-e-tecnologia"],"aioseo_notices":[],"_links":{"self":[{"href":"https:\/\/prefeitura.santarosa.rs.gov.br\/index.php?rest_route=\/wp\/v2\/posts\/12481","targetHints":{"allow":["GET"]}}],"collection":[{"href":"https:\/\/prefeitura.santarosa.rs.gov.br\/index.php?rest_route=\/wp\/v2\/posts"}],"about":[{"href":"https:\/\/prefeitura.santarosa.rs.gov.br\/index.php?rest_route=\/wp\/v2\/types\/post"}],"author":[{"embeddable":true,"href":"https:\/\/prefeitura.santarosa.rs.gov.br\/index.php?rest_route=\/wp\/v2\/users\/6"}],"replies":[{"embeddable":true,"href":"https:\/\/prefeitura.santarosa.rs.gov.br\/index.php?rest_route=%2Fwp%2Fv2%2Fcomments&post=12481"}],"version-history":[{"count":1,"href":"https:\/\/prefeitura.santarosa.rs.gov.br\/index.php?rest_route=\/wp\/v2\/posts\/12481\/revisions"}],"predecessor-version":[{"id":12484,"href":"https:\/\/prefeitura.santarosa.rs.gov.br\/index.php?rest_route=\/wp\/v2\/posts\/12481\/revisions\/12484"}],"wp:featuredmedia":[{"embeddable":true,"href":"https:\/\/prefeitura.santarosa.rs.gov.br\/index.php?rest_route=\/wp\/v2\/media\/12483"}],"wp:attachment":[{"href":"https:\/\/prefeitura.santarosa.rs.gov.br\/index.php?rest_route=%2Fwp%2Fv2%2Fmedia&parent=12481"}],"wp:term":[{"taxonomy":"category","embeddable":true,"href":"https:\/\/prefeitura.santarosa.rs.gov.br\/index.php?rest_route=%2Fwp%2Fv2%2Fcategories&post=12481"},{"taxonomy":"post_tag","embeddable":true,"href":"https:\/\/prefeitura.santarosa.rs.gov.br\/index.php?rest_route=%2Fwp%2Fv2%2Ftags&post=12481"}],"curies":[{"name":"wp","href":"https:\/\/api.w.org\/{rel}","templated":true}]}}