{"id":12475,"date":"2025-01-15T10:12:43","date_gmt":"2025-01-15T13:12:43","guid":{"rendered":"https:\/\/prefeitura.santarosa.rs.gov.br\/?p=12475"},"modified":"2025-01-15T10:12:44","modified_gmt":"2025-01-15T13:12:44","slug":"ampliacao-da-ciclovia-do-tape-pora","status":"publish","type":"post","link":"https:\/\/prefeitura.santarosa.rs.gov.br\/?p=12475","title":{"rendered":"Amplia\u00e7\u00e3o da ciclovia do Tape Por\u00e3"},"content":{"rendered":"\n<figure class=\"wp-block-image size-full\"><img fetchpriority=\"high\" decoding=\"async\" width=\"860\" height=\"645\" src=\"https:\/\/prefeitura.santarosa.rs.gov.br\/wp-content\/uploads\/2025\/01\/Formato-Site-e-Portal-860X645-JPG-77.jpg\" alt=\"\" class=\"wp-image-12476\" srcset=\"https:\/\/prefeitura.santarosa.rs.gov.br\/wp-content\/uploads\/2025\/01\/Formato-Site-e-Portal-860X645-JPG-77.jpg 860w, https:\/\/prefeitura.santarosa.rs.gov.br\/wp-content\/uploads\/2025\/01\/Formato-Site-e-Portal-860X645-JPG-77-300x225.jpg 300w, https:\/\/prefeitura.santarosa.rs.gov.br\/wp-content\/uploads\/2025\/01\/Formato-Site-e-Portal-860X645-JPG-77-768x576.jpg 768w\" sizes=\"(max-width: 860px) 100vw, 860px\" \/><\/figure>\n\n\n\n<p>Est\u00e1 em execu\u00e7\u00e3o no munic\u00edpio, a constru\u00e7\u00e3o de uma ciclovia interna no Tape Por\u00e3. Nesta semana, equipes est\u00e3o trabalhando no local para dar continuidade ao projeto e ampliar a obra at\u00e9 o quartel (19\u00ba RC Mec). Essa fase conta com um investimento de mais de R$ 570 mil, de recursos pr\u00f3prios e contempla 1 km de extens\u00e3o.<\/p>\n\n\n\n<p>O projeto visa proporcionar mais seguran\u00e7a para os ciclistas, que n\u00e3o ir\u00e3o precisar mais dividir a pista com os ve\u00edculos, al\u00e9m de oferecer mais vagas de estacionamento na Avenida Expedicion\u00e1rio Weber. O local tamb\u00e9m ser\u00e1 inutilizado por pedestres. A obra em frente ao quartel, que teve in\u00edcio essa semana, \u00e9 de 280 metros. O Prefeito Aldemir Ulrich, vistoriou a execu\u00e7\u00e3o da obra e destacou as melhorias, &#8220;Com a amplia\u00e7\u00e3o da ciclovia, estamos garantindo mais seguran\u00e7a para os ciclistas e, ao mesmo tempo, melhorando a infraestrutura urbana, proporcionando mais comodidade para a popula\u00e7\u00e3o\u201d. Acompanhando o prefeito na vistoria, estava o engenheiro da prefeitura, Cristian Picolo.<\/p>\n","protected":false},"excerpt":{"rendered":"<p>Est\u00e1 em execu\u00e7\u00e3o no munic\u00edpio, a constru\u00e7\u00e3o de uma ciclovia interna no Tape Por\u00e3. Nesta semana, equipes est\u00e3o trabalhando no<\/p>\n","protected":false},"author":6,"featured_media":12477,"comment_status":"closed","ping_status":"open","sticky":false,"template":"","format":"standard","meta":{"footnotes":""},"categories":[4,22],"tags":[],"class_list":["post-12475","post","type-post","status-publish","format-standard","has-post-thumbnail","hentry","category-noticias","category-secretaria-municipal-de-planejamento-e-habitacao"],"aioseo_notices":[],"_links":{"self":[{"href":"https:\/\/prefeitura.santarosa.rs.gov.br\/index.php?rest_route=\/wp\/v2\/posts\/12475","targetHints":{"allow":["GET"]}}],"collection":[{"href":"https:\/\/prefeitura.santarosa.rs.gov.br\/index.php?rest_route=\/wp\/v2\/posts"}],"about":[{"href":"https:\/\/prefeitura.santarosa.rs.gov.br\/index.php?rest_route=\/wp\/v2\/types\/post"}],"author":[{"embeddable":true,"href":"https:\/\/prefeitura.santarosa.rs.gov.br\/index.php?rest_route=\/wp\/v2\/users\/6"}],"replies":[{"embeddable":true,"href":"https:\/\/prefeitura.santarosa.rs.gov.br\/index.php?rest_route=%2Fwp%2Fv2%2Fcomments&post=12475"}],"version-history":[{"count":2,"href":"https:\/\/prefeitura.santarosa.rs.gov.br\/index.php?rest_route=\/wp\/v2\/posts\/12475\/revisions"}],"predecessor-version":[{"id":12479,"href":"https:\/\/prefeitura.santarosa.rs.gov.br\/index.php?rest_route=\/wp\/v2\/posts\/12475\/revisions\/12479"}],"wp:featuredmedia":[{"embeddable":true,"href":"https:\/\/prefeitura.santarosa.rs.gov.br\/index.php?rest_route=\/wp\/v2\/media\/12477"}],"wp:attachment":[{"href":"https:\/\/prefeitura.santarosa.rs.gov.br\/index.php?rest_route=%2Fwp%2Fv2%2Fmedia&parent=12475"}],"wp:term":[{"taxonomy":"category","embeddable":true,"href":"https:\/\/prefeitura.santarosa.rs.gov.br\/index.php?rest_route=%2Fwp%2Fv2%2Fcategories&post=12475"},{"taxonomy":"post_tag","embeddable":true,"href":"https:\/\/prefeitura.santarosa.rs.gov.br\/index.php?rest_route=%2Fwp%2Fv2%2Ftags&post=12475"}],"curies":[{"name":"wp","href":"https:\/\/api.w.org\/{rel}","templated":true}]}}