{"id":12471,"date":"2025-01-14T17:09:28","date_gmt":"2025-01-14T20:09:28","guid":{"rendered":"https:\/\/prefeitura.santarosa.rs.gov.br\/?p=12471"},"modified":"2025-01-14T17:09:28","modified_gmt":"2025-01-14T20:09:28","slug":"retrospectivas-2024-escolas-municipais-emef-princesa-isabel-escola-do-campo","status":"publish","type":"post","link":"https:\/\/prefeitura.santarosa.rs.gov.br\/?p=12471","title":{"rendered":"Retrospectivas 2024 Escolas Municipais: EMEF Princesa Isabel &#8211; Escola do Campo"},"content":{"rendered":"\n<figure class=\"wp-block-image size-full\"><img fetchpriority=\"high\" decoding=\"async\" width=\"860\" height=\"645\" src=\"https:\/\/prefeitura.santarosa.rs.gov.br\/wp-content\/uploads\/2025\/01\/Formato-Site-e-Portal-860X645-JPG-76.jpg\" alt=\"\" class=\"wp-image-12472\" srcset=\"https:\/\/prefeitura.santarosa.rs.gov.br\/wp-content\/uploads\/2025\/01\/Formato-Site-e-Portal-860X645-JPG-76.jpg 860w, https:\/\/prefeitura.santarosa.rs.gov.br\/wp-content\/uploads\/2025\/01\/Formato-Site-e-Portal-860X645-JPG-76-300x225.jpg 300w, https:\/\/prefeitura.santarosa.rs.gov.br\/wp-content\/uploads\/2025\/01\/Formato-Site-e-Portal-860X645-JPG-76-768x576.jpg 768w\" sizes=\"(max-width: 860px) 100vw, 860px\" \/><\/figure>\n\n\n\n<p>A EMEF Princesa Isabel &#8211; Escola do Campo, localizada em Candeia Baixa, interior de Santa Rosa, completou 87 anos de hist\u00f3ria em 2024. Fundada em abril de 1937, a escola tem se consolidado como um pilar fundamental no desenvolvimento da educa\u00e7\u00e3o no campo, atuando com metodologias inovadoras e buscando sempre integrar as necessidades da comunidade rural ao processo de aprendizagem. No ano que passou, a equipe da institui\u00e7\u00e3o de ensino deu continuidade em diversas a\u00e7\u00f5es, como o Projeto de Agricultura Familiar &#8211; Desenvolvimento Sustent\u00e1vel, o Projeto de Cooperativismo na Escola &#8211; Cooperluz, o Jovens Empreendedores Primeiros Passos (JEPP) com o SEBRAE, e o Programa Karat\u00ea Para Todos. Al\u00e9m disso, a escola realizou eventos culturais como a Feira do Conhecimento, Musicanto vai \u00e0 Escola, Festa Junina, e a Festa da Fam\u00edlia, todos com grande participa\u00e7\u00e3o da comunidade.<\/p>\n\n\n\n<p>A grande novidade de 2024 foi a conquista do turno integral para a educa\u00e7\u00e3o infantil e os anos iniciais do ensino fundamental, um avan\u00e7o significativo para a EMEF Princesa Isabel. Para a diretora da escola, Solange Maria Soares, ofertar esse atendimento ampliado \u00e9 muito importante para os alunos e as fam\u00edlias, \u201cSomos refer\u00eancia em qualidade educacional no campo, priorizando a perman\u00eancia dos estudantes em suas localidades de origem e preparando cada um deles para a vida adulta com uma educa\u00e7\u00e3o atualizada e conectada com as novas tecnologias\u201d.<\/p>\n\n\n\n<p>Atualmente, a escola Princesa Isabel possui 99 alunos matriculados (62 meninos e 37 meninas), em turmas da pr\u00e9-escola ao 9\u00ba ano. A EMEF possui sala de recursos e atendimento especializado para 5 alunos inclusos. Outro marco importante de 2024 foi a participa\u00e7\u00e3o da institui\u00e7\u00e3o na 1\u00aa edi\u00e7\u00e3o dos Jogos do Campo, uma competi\u00e7\u00e3o que reuniu todas as escolas da \u00e1rea rural. A Secret\u00e1ria de Educa\u00e7\u00e3o, Josyane Heck, tamb\u00e9m destacou o importante papel das Escolas do Campo no desenvolvimento integral dos alunos e na valoriza\u00e7\u00e3o da educa\u00e7\u00e3o rural, \u201cAs Escolas do Campo s\u00e3o essenciais para fortalecer a identidade dos nossos estudantes e garantir que eles tenham uma forma\u00e7\u00e3o s\u00f3lida, alinhada com as necessidades do campo e suas comunidades\u201d.<\/p>\n\n\n\n<p>Para 2025, a dire\u00e7\u00e3o ir\u00e1 dar continuidade aos projetos pedag\u00f3gicos que incentivam o aprendizado e o desenvolvimento de habilidades.<\/p>\n","protected":false},"excerpt":{"rendered":"<p>A EMEF Princesa Isabel &#8211; Escola do Campo, localizada em Candeia Baixa, interior de Santa Rosa, completou 87 anos de<\/p>\n","protected":false},"author":6,"featured_media":12473,"comment_status":"closed","ping_status":"closed","sticky":false,"template":"","format":"standard","meta":{"footnotes":""},"categories":[4,18],"tags":[],"class_list":["post-12471","post","type-post","status-publish","format-standard","has-post-thumbnail","hentry","category-noticias","category-secretaria-municipal-de-educacao-e-cultura"],"aioseo_notices":[],"_links":{"self":[{"href":"https:\/\/prefeitura.santarosa.rs.gov.br\/index.php?rest_route=\/wp\/v2\/posts\/12471","targetHints":{"allow":["GET"]}}],"collection":[{"href":"https:\/\/prefeitura.santarosa.rs.gov.br\/index.php?rest_route=\/wp\/v2\/posts"}],"about":[{"href":"https:\/\/prefeitura.santarosa.rs.gov.br\/index.php?rest_route=\/wp\/v2\/types\/post"}],"author":[{"embeddable":true,"href":"https:\/\/prefeitura.santarosa.rs.gov.br\/index.php?rest_route=\/wp\/v2\/users\/6"}],"replies":[{"embeddable":true,"href":"https:\/\/prefeitura.santarosa.rs.gov.br\/index.php?rest_route=%2Fwp%2Fv2%2Fcomments&post=12471"}],"version-history":[{"count":1,"href":"https:\/\/prefeitura.santarosa.rs.gov.br\/index.php?rest_route=\/wp\/v2\/posts\/12471\/revisions"}],"predecessor-version":[{"id":12474,"href":"https:\/\/prefeitura.santarosa.rs.gov.br\/index.php?rest_route=\/wp\/v2\/posts\/12471\/revisions\/12474"}],"wp:featuredmedia":[{"embeddable":true,"href":"https:\/\/prefeitura.santarosa.rs.gov.br\/index.php?rest_route=\/wp\/v2\/media\/12473"}],"wp:attachment":[{"href":"https:\/\/prefeitura.santarosa.rs.gov.br\/index.php?rest_route=%2Fwp%2Fv2%2Fmedia&parent=12471"}],"wp:term":[{"taxonomy":"category","embeddable":true,"href":"https:\/\/prefeitura.santarosa.rs.gov.br\/index.php?rest_route=%2Fwp%2Fv2%2Fcategories&post=12471"},{"taxonomy":"post_tag","embeddable":true,"href":"https:\/\/prefeitura.santarosa.rs.gov.br\/index.php?rest_route=%2Fwp%2Fv2%2Ftags&post=12471"}],"curies":[{"name":"wp","href":"https:\/\/api.w.org\/{rel}","templated":true}]}}