{"id":12466,"date":"2025-01-14T17:02:26","date_gmt":"2025-01-14T20:02:26","guid":{"rendered":"https:\/\/prefeitura.santarosa.rs.gov.br\/?p=12466"},"modified":"2025-01-14T17:02:26","modified_gmt":"2025-01-14T20:02:26","slug":"retrospectivas-2024-secretarias-desenvolvimento-social","status":"publish","type":"post","link":"https:\/\/prefeitura.santarosa.rs.gov.br\/?p=12466","title":{"rendered":"Retrospectivas 2024 Secretarias: Desenvolvimento Social"},"content":{"rendered":"\n<figure class=\"wp-block-image size-full\"><img fetchpriority=\"high\" decoding=\"async\" width=\"860\" height=\"645\" src=\"https:\/\/prefeitura.santarosa.rs.gov.br\/wp-content\/uploads\/2025\/01\/Formato-Site-e-Portal-860X645-JPG-75-1.jpg\" alt=\"\" class=\"wp-image-12468\" srcset=\"https:\/\/prefeitura.santarosa.rs.gov.br\/wp-content\/uploads\/2025\/01\/Formato-Site-e-Portal-860X645-JPG-75-1.jpg 860w, https:\/\/prefeitura.santarosa.rs.gov.br\/wp-content\/uploads\/2025\/01\/Formato-Site-e-Portal-860X645-JPG-75-1-300x225.jpg 300w, https:\/\/prefeitura.santarosa.rs.gov.br\/wp-content\/uploads\/2025\/01\/Formato-Site-e-Portal-860X645-JPG-75-1-768x576.jpg 768w\" sizes=\"(max-width: 860px) 100vw, 860px\" \/><\/figure>\n\n\n\n<p>Promover a prote\u00e7\u00e3o e garantir os direitos sociais de fam\u00edlias em situa\u00e7\u00e3o de vulnerabilidade, s\u00e3o alguns dos principais objetivos da Secretaria de Desenvolvimento Social (SMDS). Em 2024, a equipe que atua na pasta promoveu eventos e desenvolveu projetos com foco no atendimento de crian\u00e7as, adolescentes, adultos e idosos. Conforme o balan\u00e7o da secretaria, de janeiro a dezembro, foram acompanhadas 6.792 fam\u00edlias pelo Servi\u00e7o de Prote\u00e7\u00e3o e Atendimento Integral \u00e0 Fam\u00edlia &#8211; PAIF. Al\u00e9m disso, houve tamb\u00e9m, 35.639 atendimentos individuais e 3.831 visitas domiciliares.<\/p>\n\n\n\n<p>Os dados incluem atendimento familiar, visitas domiciliares, eventos como palestras e oficinas, atividades em grupo, entre outras a\u00e7\u00f5es promovidas pelas duas unidades de Centro de Refer\u00eancia de Assist\u00eancia Social (CRAS Aldi Pedro Brand\u00e3o e CRAS V\u00f3 Maria Pedrazza). Um dos destaques do ano que passou, foi o mutir\u00e3o de acolhimento e doa\u00e7\u00f5es paras mais de 700 fam\u00edlias atingidas pelas enchentes em Santa Rosa. Os logradouros atingidos por vila\/bairro foram identificados pela equipe da secretaria e Defesa Civil. As fam\u00edlias foram cadastradas, entrevistadas e receberam visitas nos locais em que residiam. De imediato, receberam aux\u00edlio para as necessidades b\u00e1sicas como: alimentos, kits de higiene e limpeza, roupas, cal\u00e7ados, entre outros. Todos os itens doados foram disponibilizados mediante aquisi\u00e7\u00e3o do munic\u00edpio com recursos pr\u00f3prios e, doa\u00e7\u00f5es da comunidade.<\/p>\n\n\n\n<p>Outra a\u00e7\u00e3o relevante foi a participa\u00e7\u00e3o do munic\u00edpio no edital do Governo Estadual, para implanta\u00e7\u00e3o da Unidade de Centro-Dia para Pessoas Idosas. Santa Rosa foi contemplada com R$ 950 mil para a execu\u00e7\u00e3o do projeto que ter\u00e1 tamb\u00e9m recursos da prefeitura. A Secret\u00e1ria de Desenvolvimento Social, Rita Strasser, destaca que o trabalho realizado em 2024, teve foco no aprimoramento dos servi\u00e7os e na qualidade do atendimento prestado, \u201cFoi um ano de muitos desafios, mas conseguimos implementar melhorias para a rede socioassistencial e atender as demandas com agilidade e comprometimento. Sempre com o prop\u00f3sito de aprimorar o servi\u00e7o, por meio de investimentos, desburocratiza\u00e7\u00e3o no acesso aos servi\u00e7os e com a realiza\u00e7\u00e3o de a\u00e7\u00f5es dos programas de prote\u00e7\u00e3o social\u201d.<\/p>\n\n\n\n<p>A SMDS conta com a parceria de entidades socioassistenciais, como: AMA, CASF, Espa\u00e7o Feliz, Patronato, ABEFRA, ADEFISA, APAE, APADA, APADEV, AFAPENE, LAR DO IDOSO, Casa Dom Bosco e APROMES. O munic\u00edpio investiu atrav\u00e9s do Fundo Municipal de Assist\u00eancia Social, um valor superior a R$ 2,3 milh\u00f5es e repassou cerca de R$ 230 mil do Fundo Nacional de Assist\u00eancia Social para as institui\u00e7\u00f5es parceiras. Ainda, por meio de edital de chamamento p\u00fablico com recurso do FUNDICA, foram investidos mais de R$ 1 milh\u00e3o nos projetos que visam qualificar e ampliar os atendimentos das entidades.<\/p>\n\n\n\n<p>A Ger\u00eancia de Pol\u00edticas para os Idosos junto com a gest\u00e3o da secretaria e o Conselho Municipal dos Direitos do Idoso &#8211; CMDI, deu sequ\u00eancia nas atividades programadas no Plano Estrat\u00e9gico de Gest\u00e3o. Diversos projetos foram executados com o aux\u00edlio de parceiros para mobilizar a popula\u00e7\u00e3o local. Os principais destaques foram, o 1\u00ba Edital MDDI contemplado com R$ 500 mil para 6 entidades, 04 projetos de R$ 50 mil e 02 projetos de R$ 75 mil. Ainda no M\u00eas do Idoso, em outubro, v\u00e1rias atividades ocorreram com a participa\u00e7\u00e3o de 1.675 idosos.<\/p>\n\n\n\n<p>Outro importante trabalho realizado em 2024, foram as a\u00e7\u00f5es com o p\u00fablico feminino, atrav\u00e9s da Assessoria de Pol\u00edticas para as Mulheres, do Centro de Refer\u00eancia Regional de Atendimento \u00e0 Mulher -CRRM e da Casa de Abrigo e Passagem 08 de mar\u00e7o. De janeiro a dezembro, aconteceram muitas atividades de conscientiza\u00e7\u00e3o e preven\u00e7\u00e3o da viol\u00eancia, mediante parceria com outros setores e articula\u00e7\u00e3o com a Rede de Prote\u00e7\u00e3o ao Enfrentamento \u00e0 Viol\u00eancia Dom\u00e9stica. Ao todo, 310 mulheres foram atendidas pelo CRRM e pela Casa de Abrigo e Passagem 08 de mar\u00e7o. Al\u00e9m disso, houve o registro de mais de 5.886 atendimentos psicossociais e jur\u00eddicos.<\/p>\n\n\n\n<p>Para 2025, a equipe da Secretaria de Desenvolvimento Social quer dar continuidade aos programas desenvolvidos e seguir investindo em a\u00e7\u00f5es que melhorem a qualidade de vida da popula\u00e7\u00e3o. A inten\u00e7\u00e3o \u00e9 promover cada dia mais, um cuidado integral aos cidad\u00e3os santa-rosenses.<\/p>\n","protected":false},"excerpt":{"rendered":"<p>Promover a prote\u00e7\u00e3o e garantir os direitos sociais de fam\u00edlias em situa\u00e7\u00e3o de vulnerabilidade, s\u00e3o alguns dos principais objetivos da<\/p>\n","protected":false},"author":6,"featured_media":12469,"comment_status":"closed","ping_status":"closed","sticky":false,"template":"","format":"standard","meta":{"footnotes":""},"categories":[4,17],"tags":[],"class_list":["post-12466","post","type-post","status-publish","format-standard","has-post-thumbnail","hentry","category-noticias","category-secretaria-municipal-de-desenvolvimento-social"],"aioseo_notices":[],"_links":{"self":[{"href":"https:\/\/prefeitura.santarosa.rs.gov.br\/index.php?rest_route=\/wp\/v2\/posts\/12466","targetHints":{"allow":["GET"]}}],"collection":[{"href":"https:\/\/prefeitura.santarosa.rs.gov.br\/index.php?rest_route=\/wp\/v2\/posts"}],"about":[{"href":"https:\/\/prefeitura.santarosa.rs.gov.br\/index.php?rest_route=\/wp\/v2\/types\/post"}],"author":[{"embeddable":true,"href":"https:\/\/prefeitura.santarosa.rs.gov.br\/index.php?rest_route=\/wp\/v2\/users\/6"}],"replies":[{"embeddable":true,"href":"https:\/\/prefeitura.santarosa.rs.gov.br\/index.php?rest_route=%2Fwp%2Fv2%2Fcomments&post=12466"}],"version-history":[{"count":1,"href":"https:\/\/prefeitura.santarosa.rs.gov.br\/index.php?rest_route=\/wp\/v2\/posts\/12466\/revisions"}],"predecessor-version":[{"id":12470,"href":"https:\/\/prefeitura.santarosa.rs.gov.br\/index.php?rest_route=\/wp\/v2\/posts\/12466\/revisions\/12470"}],"wp:featuredmedia":[{"embeddable":true,"href":"https:\/\/prefeitura.santarosa.rs.gov.br\/index.php?rest_route=\/wp\/v2\/media\/12469"}],"wp:attachment":[{"href":"https:\/\/prefeitura.santarosa.rs.gov.br\/index.php?rest_route=%2Fwp%2Fv2%2Fmedia&parent=12466"}],"wp:term":[{"taxonomy":"category","embeddable":true,"href":"https:\/\/prefeitura.santarosa.rs.gov.br\/index.php?rest_route=%2Fwp%2Fv2%2Fcategories&post=12466"},{"taxonomy":"post_tag","embeddable":true,"href":"https:\/\/prefeitura.santarosa.rs.gov.br\/index.php?rest_route=%2Fwp%2Fv2%2Ftags&post=12466"}],"curies":[{"name":"wp","href":"https:\/\/api.w.org\/{rel}","templated":true}]}}