{"id":12462,"date":"2025-01-14T14:25:03","date_gmt":"2025-01-14T17:25:03","guid":{"rendered":"https:\/\/prefeitura.santarosa.rs.gov.br\/?p=12462"},"modified":"2025-01-14T14:25:03","modified_gmt":"2025-01-14T17:25:03","slug":"revitalizacao-da-praca-da-bandeira-esta-em-andamento","status":"publish","type":"post","link":"https:\/\/prefeitura.santarosa.rs.gov.br\/?p=12462","title":{"rendered":"Revitaliza\u00e7\u00e3o da Pra\u00e7a da Bandeira est\u00e1 em andamento"},"content":{"rendered":"\n<figure class=\"wp-block-image size-full\"><img fetchpriority=\"high\" decoding=\"async\" width=\"860\" height=\"645\" src=\"https:\/\/prefeitura.santarosa.rs.gov.br\/wp-content\/uploads\/2025\/01\/Formato-Site-e-Portal-860X645-JPG-74.jpg\" alt=\"\" class=\"wp-image-12463\" srcset=\"https:\/\/prefeitura.santarosa.rs.gov.br\/wp-content\/uploads\/2025\/01\/Formato-Site-e-Portal-860X645-JPG-74.jpg 860w, https:\/\/prefeitura.santarosa.rs.gov.br\/wp-content\/uploads\/2025\/01\/Formato-Site-e-Portal-860X645-JPG-74-300x225.jpg 300w, https:\/\/prefeitura.santarosa.rs.gov.br\/wp-content\/uploads\/2025\/01\/Formato-Site-e-Portal-860X645-JPG-74-768x576.jpg 768w\" sizes=\"(max-width: 860px) 100vw, 860px\" \/><\/figure>\n\n\n\n<p>A revitaliza\u00e7\u00e3o da Pra\u00e7a da Bandeira, um dos principais pontos de encontro e lazer de Santa Rosa, teve in\u00edcio na \u00faltima semana. O projeto, que vai transformar completamente o local, ir\u00e1 contemplar diversas melhorias na infraestrutura. Mais de R$ 2,3 milh\u00f5es ser\u00e3o investidos na obra, com recursos pr\u00f3prios do munic\u00edpio.<\/p>\n\n\n\n<p>As obras est\u00e3o sendo realizadas em uma \u00e1rea de 10.000 m\u00b2 e incluem melhorias significativas, como a revitaliza\u00e7\u00e3o dos pisos internos com acessibilidade, constru\u00e7\u00e3o de novos sanit\u00e1rios, instala\u00e7\u00e3o de um moderno sistema de ilumina\u00e7\u00e3o LED, reforma das paradas de \u00f4nibus e a cria\u00e7\u00e3o de um largo de interliga\u00e7\u00e3o entre a pra\u00e7a, o Centro Cultural e a Via Cultural. Atualmente, as equipes est\u00e3o concentradas nas demoli\u00e7\u00f5es iniciais da obra. O Prefeito em exerc\u00edcio, Aldemir Ulrich, destacou a import\u00e2ncia da obra para a cidade, \u201cEssa revitaliza\u00e7\u00e3o vai embelezar a pra\u00e7a e tamb\u00e9m garantir um espa\u00e7o mais seguro e funcional para a nossa comunidade. Estamos comprometidos com o desenvolvimento de Santa Rosa, e essa obra \u00e9 mais uma etapa nesse processo de melhoria cont\u00ednua da infraestrutura urbana\u201d.<\/p>\n\n\n\n<p>O projeto arquitet\u00f4nico de revitaliza\u00e7\u00e3o da Pra\u00e7a da Bandeira foi elaborado de forma volunt\u00e1ria pela arquiteta e urbanista Luciana Locatelli. O cronograma prev\u00ea que a obra seja finalizada at\u00e9 o final de mar\u00e7o de 2026.<\/p>\n","protected":false},"excerpt":{"rendered":"<p>A revitaliza\u00e7\u00e3o da Pra\u00e7a da Bandeira, um dos principais pontos de encontro e lazer de Santa Rosa, teve in\u00edcio na<\/p>\n","protected":false},"author":6,"featured_media":12464,"comment_status":"closed","ping_status":"closed","sticky":false,"template":"","format":"standard","meta":{"footnotes":""},"categories":[4,22],"tags":[],"class_list":["post-12462","post","type-post","status-publish","format-standard","has-post-thumbnail","hentry","category-noticias","category-secretaria-municipal-de-planejamento-e-habitacao"],"aioseo_notices":[],"_links":{"self":[{"href":"https:\/\/prefeitura.santarosa.rs.gov.br\/index.php?rest_route=\/wp\/v2\/posts\/12462","targetHints":{"allow":["GET"]}}],"collection":[{"href":"https:\/\/prefeitura.santarosa.rs.gov.br\/index.php?rest_route=\/wp\/v2\/posts"}],"about":[{"href":"https:\/\/prefeitura.santarosa.rs.gov.br\/index.php?rest_route=\/wp\/v2\/types\/post"}],"author":[{"embeddable":true,"href":"https:\/\/prefeitura.santarosa.rs.gov.br\/index.php?rest_route=\/wp\/v2\/users\/6"}],"replies":[{"embeddable":true,"href":"https:\/\/prefeitura.santarosa.rs.gov.br\/index.php?rest_route=%2Fwp%2Fv2%2Fcomments&post=12462"}],"version-history":[{"count":1,"href":"https:\/\/prefeitura.santarosa.rs.gov.br\/index.php?rest_route=\/wp\/v2\/posts\/12462\/revisions"}],"predecessor-version":[{"id":12465,"href":"https:\/\/prefeitura.santarosa.rs.gov.br\/index.php?rest_route=\/wp\/v2\/posts\/12462\/revisions\/12465"}],"wp:featuredmedia":[{"embeddable":true,"href":"https:\/\/prefeitura.santarosa.rs.gov.br\/index.php?rest_route=\/wp\/v2\/media\/12464"}],"wp:attachment":[{"href":"https:\/\/prefeitura.santarosa.rs.gov.br\/index.php?rest_route=%2Fwp%2Fv2%2Fmedia&parent=12462"}],"wp:term":[{"taxonomy":"category","embeddable":true,"href":"https:\/\/prefeitura.santarosa.rs.gov.br\/index.php?rest_route=%2Fwp%2Fv2%2Fcategories&post=12462"},{"taxonomy":"post_tag","embeddable":true,"href":"https:\/\/prefeitura.santarosa.rs.gov.br\/index.php?rest_route=%2Fwp%2Fv2%2Ftags&post=12462"}],"curies":[{"name":"wp","href":"https:\/\/api.w.org\/{rel}","templated":true}]}}