{"id":12457,"date":"2025-01-14T14:05:32","date_gmt":"2025-01-14T17:05:32","guid":{"rendered":"https:\/\/prefeitura.santarosa.rs.gov.br\/?p=12457"},"modified":"2025-01-14T14:05:33","modified_gmt":"2025-01-14T17:05:33","slug":"integracao-dos-novos-secretarios-e-vereadores","status":"publish","type":"post","link":"https:\/\/prefeitura.santarosa.rs.gov.br\/?p=12457","title":{"rendered":"Integra\u00e7\u00e3o dos novos secret\u00e1rios e vereadores"},"content":{"rendered":"\n<figure class=\"wp-block-image size-full\"><img fetchpriority=\"high\" decoding=\"async\" width=\"860\" height=\"645\" src=\"https:\/\/prefeitura.santarosa.rs.gov.br\/wp-content\/uploads\/2025\/01\/Formato-Site-e-Portal-860X645-JPG-73.jpg\" alt=\"\" class=\"wp-image-12458\" srcset=\"https:\/\/prefeitura.santarosa.rs.gov.br\/wp-content\/uploads\/2025\/01\/Formato-Site-e-Portal-860X645-JPG-73.jpg 860w, https:\/\/prefeitura.santarosa.rs.gov.br\/wp-content\/uploads\/2025\/01\/Formato-Site-e-Portal-860X645-JPG-73-300x225.jpg 300w, https:\/\/prefeitura.santarosa.rs.gov.br\/wp-content\/uploads\/2025\/01\/Formato-Site-e-Portal-860X645-JPG-73-768x576.jpg 768w\" sizes=\"(max-width: 860px) 100vw, 860px\" \/><\/figure>\n\n\n\n<p>Na tarde desta segunda-feira (13), foi realizada na Prefeitura de Santa Rosa uma integra\u00e7\u00e3o com os novos secret\u00e1rios e vereadores do munic\u00edpio. Na oportunidade, cada secret\u00e1rio da Gest\u00e3o 2025\/2028, abordou o funcionamento de suas respectivas pastas e o planejamento das a\u00e7\u00f5es para este ano. Os vereadores tamb\u00e9m participaram ativamente, fazendo questionamentos, sugest\u00f5es e apresentando opini\u00f5es sobre os projetos em pauta.<\/p>\n\n\n\n<p>A iniciativa de integrar as novas lideran\u00e7as foi proposta pelo Prefeito em exerc\u00edcio, Aldemir Ulrich, que deu as boas-vindas a todos e destacou a import\u00e2ncia de servir com excel\u00eancia \u00e0 popula\u00e7\u00e3o, \u201cEste \u00e9 um momento importante para alinharmos nossas a\u00e7\u00f5es e garantir que, juntos, possamos construir um futuro melhor para Santa Rosa. A colabora\u00e7\u00e3o entre o Executivo e o Legislativo \u00e9 essencial para o desenvolvimento da nossa cidade, e estou certo de que todos aqui est\u00e3o comprometidos em trabalhar para o bem-estar da comunidade\u201d.<\/p>\n\n\n\n<p>A integra\u00e7\u00e3o foi coordenada pelo Departamento de Recursos Humanos da prefeitura.<\/p>\n","protected":false},"excerpt":{"rendered":"<p>Na tarde desta segunda-feira (13), foi realizada na Prefeitura de Santa Rosa uma integra\u00e7\u00e3o com os novos secret\u00e1rios e vereadores<\/p>\n","protected":false},"author":6,"featured_media":12459,"comment_status":"closed","ping_status":"closed","sticky":false,"template":"","format":"standard","meta":{"footnotes":""},"categories":[4,16],"tags":[],"class_list":["post-12457","post","type-post","status-publish","format-standard","has-post-thumbnail","hentry","category-noticias","category-secretaria-municipal-de-desenvolvimento-economico-turismo-e-tecnologia"],"aioseo_notices":[],"_links":{"self":[{"href":"https:\/\/prefeitura.santarosa.rs.gov.br\/index.php?rest_route=\/wp\/v2\/posts\/12457","targetHints":{"allow":["GET"]}}],"collection":[{"href":"https:\/\/prefeitura.santarosa.rs.gov.br\/index.php?rest_route=\/wp\/v2\/posts"}],"about":[{"href":"https:\/\/prefeitura.santarosa.rs.gov.br\/index.php?rest_route=\/wp\/v2\/types\/post"}],"author":[{"embeddable":true,"href":"https:\/\/prefeitura.santarosa.rs.gov.br\/index.php?rest_route=\/wp\/v2\/users\/6"}],"replies":[{"embeddable":true,"href":"https:\/\/prefeitura.santarosa.rs.gov.br\/index.php?rest_route=%2Fwp%2Fv2%2Fcomments&post=12457"}],"version-history":[{"count":1,"href":"https:\/\/prefeitura.santarosa.rs.gov.br\/index.php?rest_route=\/wp\/v2\/posts\/12457\/revisions"}],"predecessor-version":[{"id":12460,"href":"https:\/\/prefeitura.santarosa.rs.gov.br\/index.php?rest_route=\/wp\/v2\/posts\/12457\/revisions\/12460"}],"wp:featuredmedia":[{"embeddable":true,"href":"https:\/\/prefeitura.santarosa.rs.gov.br\/index.php?rest_route=\/wp\/v2\/media\/12459"}],"wp:attachment":[{"href":"https:\/\/prefeitura.santarosa.rs.gov.br\/index.php?rest_route=%2Fwp%2Fv2%2Fmedia&parent=12457"}],"wp:term":[{"taxonomy":"category","embeddable":true,"href":"https:\/\/prefeitura.santarosa.rs.gov.br\/index.php?rest_route=%2Fwp%2Fv2%2Fcategories&post=12457"},{"taxonomy":"post_tag","embeddable":true,"href":"https:\/\/prefeitura.santarosa.rs.gov.br\/index.php?rest_route=%2Fwp%2Fv2%2Ftags&post=12457"}],"curies":[{"name":"wp","href":"https:\/\/api.w.org\/{rel}","templated":true}]}}