{"id":12443,"date":"2025-01-13T13:59:58","date_gmt":"2025-01-13T16:59:58","guid":{"rendered":"https:\/\/prefeitura.santarosa.rs.gov.br\/?p=12443"},"modified":"2025-01-13T13:59:59","modified_gmt":"2025-01-13T16:59:59","slug":"retrospectivas-2024-escolas-municipais-emei-crianca-feliz","status":"publish","type":"post","link":"https:\/\/prefeitura.santarosa.rs.gov.br\/?p=12443","title":{"rendered":"Retrospectivas 2024 Escolas Municipais: EMEI Crian\u00e7a Feliz"},"content":{"rendered":"\n<figure class=\"wp-block-image size-full\"><img fetchpriority=\"high\" decoding=\"async\" width=\"860\" height=\"645\" src=\"https:\/\/prefeitura.santarosa.rs.gov.br\/wp-content\/uploads\/2025\/01\/Formato-Site-e-Portal-860X645-JPG-70.jpg\" alt=\"\" class=\"wp-image-12444\" srcset=\"https:\/\/prefeitura.santarosa.rs.gov.br\/wp-content\/uploads\/2025\/01\/Formato-Site-e-Portal-860X645-JPG-70.jpg 860w, https:\/\/prefeitura.santarosa.rs.gov.br\/wp-content\/uploads\/2025\/01\/Formato-Site-e-Portal-860X645-JPG-70-300x225.jpg 300w, https:\/\/prefeitura.santarosa.rs.gov.br\/wp-content\/uploads\/2025\/01\/Formato-Site-e-Portal-860X645-JPG-70-768x576.jpg 768w\" sizes=\"(max-width: 860px) 100vw, 860px\" \/><\/figure>\n\n\n\n<p>A EMEI Crian\u00e7a Feliz \u00e9 umas da 20 Escolas de Educa\u00e7\u00e3o Infantil que fazem parte da Rede Municipal de Ensino. Em 2024, a escola completou duas d\u00e9cadas de cria\u00e7\u00e3o. Credenciada oficialmente como Escola Municipal de Educa\u00e7\u00e3o Infantil em 2005, a EMEI foi a primeira unidade da regi\u00e3o Noroeste a integrar o programa \u201cPr\u00f3 Inf\u00e2ncia\u201d. Atualmente, a escola atende 147 alunos (70 meninos e 77 meninas), distribu\u00eddos em 10 turmas de ber\u00e7\u00e1rio e maternal.<\/p>\n\n\n\n<p>Em 2024, foram implementados diversos projetos pedag\u00f3gicos para promover o desenvolvimento integral das crian\u00e7as atendidas na EMEI Crian\u00e7a Feliz. Trabalhos sobre meio ambiente, higiene pessoal, alimenta\u00e7\u00e3o saud\u00e1vel, cultura ind\u00edgena, folclore, literatura infantil e consci\u00eancia negra marcaram o ano letivo, proporcionando um aprendizado significativo e diversificado. Dentre as a\u00e7\u00f5es que se destacaram, a escola teve um projeto inscrito no Fundo Social do Sicredi, com o tema \u201cGrama Sint\u00e9tica, P\u00e9s Descal\u00e7os: brincar e correr livremente\u201d, o que resultou na instala\u00e7\u00e3o de grama sint\u00e9tica no parquinho interno, oferecendo mais conforto e seguran\u00e7a para as crian\u00e7as.<\/p>\n\n\n\n<p>Al\u00e9m dos projetos pedag\u00f3gicos, a equipe da EMEI manteve seu forte v\u00ednculo com as fam\u00edlias. Foram realizados momentos de confraterniza\u00e7\u00e3o, como as celebra\u00e7\u00f5es de P\u00e1scoa, Festa Junina e o Dia da Fam\u00edlia. A Diretora Vera L\u00facia Gregory destacou os sentimentos de gratid\u00e3o e otimismo para o pr\u00f3ximo ano, \u201cNossa escola conta com um time de profissionais engajados, priorizando sempre a constru\u00e7\u00e3o de novos saberes e o bem-estar das nossas crian\u00e7as. Fica nossa gratid\u00e3o pelo ano que se encerra e a certeza que 2025 ser\u00e1 ainda melhor\u201d.<\/p>\n\n\n\n<p>A dire\u00e7\u00e3o da escola j\u00e1 planeja melhorias para o pr\u00f3ximo ano letivo, com destaque para a reforma do refeit\u00f3rio, que busca proporcionar um ambiente mais aconchegante e climatizado para atender melhor as crian\u00e7as durante as refei\u00e7\u00f5es. A EMEI Crian\u00e7a Feliz conta com uma equipe de 29 profissionais e fica localizada na Rua Pedro Antunes, n\u00ba 310, na Vila J\u00falio de Oliveira, Bairro Cruzeiro.<\/p>\n","protected":false},"excerpt":{"rendered":"<p>A EMEI Crian\u00e7a Feliz \u00e9 umas da 20 Escolas de Educa\u00e7\u00e3o Infantil que fazem parte da Rede Municipal de Ensino.<\/p>\n","protected":false},"author":6,"featured_media":12445,"comment_status":"closed","ping_status":"closed","sticky":false,"template":"","format":"standard","meta":{"footnotes":""},"categories":[4,18],"tags":[],"class_list":["post-12443","post","type-post","status-publish","format-standard","has-post-thumbnail","hentry","category-noticias","category-secretaria-municipal-de-educacao-e-cultura"],"aioseo_notices":[],"_links":{"self":[{"href":"https:\/\/prefeitura.santarosa.rs.gov.br\/index.php?rest_route=\/wp\/v2\/posts\/12443","targetHints":{"allow":["GET"]}}],"collection":[{"href":"https:\/\/prefeitura.santarosa.rs.gov.br\/index.php?rest_route=\/wp\/v2\/posts"}],"about":[{"href":"https:\/\/prefeitura.santarosa.rs.gov.br\/index.php?rest_route=\/wp\/v2\/types\/post"}],"author":[{"embeddable":true,"href":"https:\/\/prefeitura.santarosa.rs.gov.br\/index.php?rest_route=\/wp\/v2\/users\/6"}],"replies":[{"embeddable":true,"href":"https:\/\/prefeitura.santarosa.rs.gov.br\/index.php?rest_route=%2Fwp%2Fv2%2Fcomments&post=12443"}],"version-history":[{"count":1,"href":"https:\/\/prefeitura.santarosa.rs.gov.br\/index.php?rest_route=\/wp\/v2\/posts\/12443\/revisions"}],"predecessor-version":[{"id":12446,"href":"https:\/\/prefeitura.santarosa.rs.gov.br\/index.php?rest_route=\/wp\/v2\/posts\/12443\/revisions\/12446"}],"wp:featuredmedia":[{"embeddable":true,"href":"https:\/\/prefeitura.santarosa.rs.gov.br\/index.php?rest_route=\/wp\/v2\/media\/12445"}],"wp:attachment":[{"href":"https:\/\/prefeitura.santarosa.rs.gov.br\/index.php?rest_route=%2Fwp%2Fv2%2Fmedia&parent=12443"}],"wp:term":[{"taxonomy":"category","embeddable":true,"href":"https:\/\/prefeitura.santarosa.rs.gov.br\/index.php?rest_route=%2Fwp%2Fv2%2Fcategories&post=12443"},{"taxonomy":"post_tag","embeddable":true,"href":"https:\/\/prefeitura.santarosa.rs.gov.br\/index.php?rest_route=%2Fwp%2Fv2%2Ftags&post=12443"}],"curies":[{"name":"wp","href":"https:\/\/api.w.org\/{rel}","templated":true}]}}