{"id":1244,"date":"2021-07-08T17:09:00","date_gmt":"2021-07-08T20:09:00","guid":{"rendered":"https:\/\/prefeitura.santarosa.rs.gov.br\/?p=1244"},"modified":"2024-10-07T09:55:01","modified_gmt":"2024-10-07T12:55:01","slug":"anderson-mantei-faz-parte-da-diretoria-da-famurs","status":"publish","type":"post","link":"https:\/\/prefeitura.santarosa.rs.gov.br\/?p=1244","title":{"rendered":"Anderson Mantei faz parte da diretoria da Famurs"},"content":{"rendered":"\n<p>A solenidade foi realizada de forma h\u00edbrida, no Hotel Plaza S\u00e3o Rafael.<\/p>\n\n\n\n<p>A Famurs realizou nesta quinta-feira (8\/7) a Cerim\u00f4nia de Posse do Conselho de Administra\u00e7\u00e3o para gest\u00e3o 2021\/2022. Na oportunidade, o atual presidente e ex-prefeito de Taquari, Maneco Hassen, passar\u00e1 o comando da entidade para o prefeito de S\u00e3o Borja, Eduardo Bonotto. O Prefeito Anderson Mantei foi convidado para fazer parte da nova diretoria.<br>A solenidade foi realizada de forma h\u00edbrida, no Hotel Plaza S\u00e3o Rafael. Participam presencialmente os prefeitos eleitos para os Conselhos de Administra\u00e7\u00e3o e Fiscal, o qual Anderson passou a fazer parte, \u201cFoi uma honra o convite para representar a regi\u00e3o nessa nova diretoria\u201d. Entre as bandeiras da gest\u00e3o, Bonotto quer construir um plano de desenvolvimento para diferentes regi\u00f5es do estado, em parceria com as 27 Associa\u00e7\u00f5es de Munic\u00edpios, trabalhando as potencialidades de cada regi\u00e3o. Na entidade, o novo presidente quer trabalhar para a cria\u00e7\u00e3o de um banco de informa\u00e7\u00f5es e solu\u00e7\u00f5es para agilizar as respostas \u00e0s demandas dos munic\u00edpios. Para o fortalecimento da Escola Famurs, o objetivo ser\u00e1 desenvolver cursos que busquem a qualifica\u00e7\u00e3o de gestores e servidores das prefeituras ga\u00fachas.<\/p>\n","protected":false},"excerpt":{"rendered":"<p>A solenidade foi realizada de forma h\u00edbrida, no Hotel Plaza S\u00e3o Rafael. A Famurs realizou nesta quinta-feira (8\/7) a Cerim\u00f4nia<\/p>\n","protected":false},"author":3,"featured_media":1245,"comment_status":"open","ping_status":"open","sticky":false,"template":"","format":"standard","meta":{"footnotes":""},"categories":[4,3],"tags":[],"class_list":["post-1244","post","type-post","status-publish","format-standard","has-post-thumbnail","hentry","category-noticias","category-gabinete-do-prefeito"],"aioseo_notices":[],"_links":{"self":[{"href":"https:\/\/prefeitura.santarosa.rs.gov.br\/index.php?rest_route=\/wp\/v2\/posts\/1244","targetHints":{"allow":["GET"]}}],"collection":[{"href":"https:\/\/prefeitura.santarosa.rs.gov.br\/index.php?rest_route=\/wp\/v2\/posts"}],"about":[{"href":"https:\/\/prefeitura.santarosa.rs.gov.br\/index.php?rest_route=\/wp\/v2\/types\/post"}],"author":[{"embeddable":true,"href":"https:\/\/prefeitura.santarosa.rs.gov.br\/index.php?rest_route=\/wp\/v2\/users\/3"}],"replies":[{"embeddable":true,"href":"https:\/\/prefeitura.santarosa.rs.gov.br\/index.php?rest_route=%2Fwp%2Fv2%2Fcomments&post=1244"}],"version-history":[{"count":1,"href":"https:\/\/prefeitura.santarosa.rs.gov.br\/index.php?rest_route=\/wp\/v2\/posts\/1244\/revisions"}],"predecessor-version":[{"id":1246,"href":"https:\/\/prefeitura.santarosa.rs.gov.br\/index.php?rest_route=\/wp\/v2\/posts\/1244\/revisions\/1246"}],"wp:featuredmedia":[{"embeddable":true,"href":"https:\/\/prefeitura.santarosa.rs.gov.br\/index.php?rest_route=\/wp\/v2\/media\/1245"}],"wp:attachment":[{"href":"https:\/\/prefeitura.santarosa.rs.gov.br\/index.php?rest_route=%2Fwp%2Fv2%2Fmedia&parent=1244"}],"wp:term":[{"taxonomy":"category","embeddable":true,"href":"https:\/\/prefeitura.santarosa.rs.gov.br\/index.php?rest_route=%2Fwp%2Fv2%2Fcategories&post=1244"},{"taxonomy":"post_tag","embeddable":true,"href":"https:\/\/prefeitura.santarosa.rs.gov.br\/index.php?rest_route=%2Fwp%2Fv2%2Ftags&post=1244"}],"curies":[{"name":"wp","href":"https:\/\/api.w.org\/{rel}","templated":true}]}}