{"id":12439,"date":"2025-01-13T13:45:12","date_gmt":"2025-01-13T16:45:12","guid":{"rendered":"https:\/\/prefeitura.santarosa.rs.gov.br\/?p=12439"},"modified":"2025-01-13T13:45:13","modified_gmt":"2025-01-13T16:45:13","slug":"retrospectivas-2024-secretarias-educacao-e-cultura","status":"publish","type":"post","link":"https:\/\/prefeitura.santarosa.rs.gov.br\/?p=12439","title":{"rendered":"Retrospectivas 2024 Secretarias: Educa\u00e7\u00e3o e Cultura"},"content":{"rendered":"\n<figure class=\"wp-block-image size-full\"><img fetchpriority=\"high\" decoding=\"async\" width=\"860\" height=\"645\" src=\"https:\/\/prefeitura.santarosa.rs.gov.br\/wp-content\/uploads\/2025\/01\/Formato-Site-e-Portal-860X645-JPG-69.jpg\" alt=\"\" class=\"wp-image-12440\" srcset=\"https:\/\/prefeitura.santarosa.rs.gov.br\/wp-content\/uploads\/2025\/01\/Formato-Site-e-Portal-860X645-JPG-69.jpg 860w, https:\/\/prefeitura.santarosa.rs.gov.br\/wp-content\/uploads\/2025\/01\/Formato-Site-e-Portal-860X645-JPG-69-300x225.jpg 300w, https:\/\/prefeitura.santarosa.rs.gov.br\/wp-content\/uploads\/2025\/01\/Formato-Site-e-Portal-860X645-JPG-69-768x576.jpg 768w\" sizes=\"(max-width: 860px) 100vw, 860px\" \/><\/figure>\n\n\n\n<p>O ano de 2024 encerrou com cerca de R$ 90 milh\u00f5es investidos na Rede Municipal de Ensino de Santa Rosa. Dentre as mais diversas atividades promovidas, foram destaque no ano que passou, a 19\u00aa Feira do Livro com a entrega do vale-livro para professores e alunos, 3\u00aa Feira do Conhecimento das EMEFs, 5\u00b0 Brincando no Parque e Mostra de Trabalhos das EMEIs, 3\u00b0 Encontro da Juventude (COMJUVE), Escola Vai \u00e0 Fenasoja, Musicanto Vai \u00e0 Escola, al\u00e9m de outros projetos realizados com o apoio de institui\u00e7\u00f5es como: Tribos, Uni\u00e3o Faz a Vida e JEPP. Ao todo, mais de 7 mil crian\u00e7as e adolescentes foram atendidos nas 34 escolas da rede municipal, sendo: 20 EMEIs (ber\u00e7\u00e1rio, maternal e pr\u00e9-escola) e 14 EMEFs (pr\u00e9-escola ao 9\u00ba ano), al\u00e9m das mais de 300 vagas disponibilizadas atrav\u00e9s de parceria com a APAE, APADA e AMA.<\/p>\n\n\n\n<p>Outro destaque de 2024, foi a 36\u00aa Olimp\u00edada das Escolas Municipais e a 1\u00aa Olimp\u00edada Jogos das Escolas do Campo. Foram muitas a\u00e7\u00f5es desenvolvidas, baseadas principalmente no Projeto \u201cEduca\u00e7\u00e3o: Um olhar para o Futuro de Santa Rosa\u201d. A Rede Municipal de Ensino conta com Escolas de Educa\u00e7\u00e3o Infantil com 11 horas de atendimento ininterrupto, Escolas de Ensino Fundamental de Turno Integral e Escolas do Campo. A Secret\u00e1ria de Educa\u00e7\u00e3o e Cultura, Josyane Cristina Heck, destaca o trabalho realizado durante o ano e os resultados alcan\u00e7ados, \u201cEm 2024, inauguramos a EMEI Amor Perfeito que oportunizou a cria\u00e7\u00e3o de 100 novas vagas e para o pr\u00f3ximo ano letivo, duas novas escolas de educa\u00e7\u00e3o infantil v\u00e3o ser entregues para a comunidade. Tudo isso, para atender cada vez melhor os nossos alunos e promover um ensino de qualidade. A inten\u00e7\u00e3o do Governo Municipal \u00e9 garantir o acesso ao aprendizado, mais infraestrutura e seguran\u00e7a para os alunos e servidores, al\u00e9m da amplia\u00e7\u00e3o de vagas para a popula\u00e7\u00e3o\u201d.<\/p>\n\n\n\n<p>A Cultura \u00e9 um dos setores que integram a Secretaria de Educa\u00e7\u00e3o. No ano que passou, a equipe respons\u00e1vel pelo departamento atuou na organiza\u00e7\u00e3o e realiza\u00e7\u00e3o de diversos eventos, sendo os de maior destaque: P\u00e1scoa, Semana do Munic\u00edpio, Semana Farroupilha, 19\u00aa Feira do Livro, 12\u00aa Edi\u00e7\u00e3o do Dia da M\u00fasica Gospel e o Natal Encantado Santa Rosa 2024. Para 2025 e anos seguintes, muitas a\u00e7\u00f5es e novos projetos j\u00e1 est\u00e3o sendo estruturados pela equipe da secretaria em conjunto com a gest\u00e3o. A EMEI S\u00e3o Francisco e EMEI Andressa Ferreira j\u00e1 est\u00e3o prontas e v\u00e3o iniciar o novo ano letivo com alunos. Al\u00e9m disso, ser\u00e1 iniciada a constru\u00e7\u00e3o da EMEI Edwino Walter Fehlauer, assim como, ser\u00e1 implementada a Escola SESI no munic\u00edpio. O in\u00edcio do ano letivo 2025, com atendimento dos estudantes vai ocorrer no dia 10 de fevereiro.<\/p>\n","protected":false},"excerpt":{"rendered":"<p>O ano de 2024 encerrou com cerca de R$ 90 milh\u00f5es investidos na Rede Municipal de Ensino de Santa Rosa.<\/p>\n","protected":false},"author":6,"featured_media":12441,"comment_status":"closed","ping_status":"closed","sticky":false,"template":"","format":"standard","meta":{"footnotes":""},"categories":[4,18],"tags":[],"class_list":["post-12439","post","type-post","status-publish","format-standard","has-post-thumbnail","hentry","category-noticias","category-secretaria-municipal-de-educacao-e-cultura"],"aioseo_notices":[],"_links":{"self":[{"href":"https:\/\/prefeitura.santarosa.rs.gov.br\/index.php?rest_route=\/wp\/v2\/posts\/12439","targetHints":{"allow":["GET"]}}],"collection":[{"href":"https:\/\/prefeitura.santarosa.rs.gov.br\/index.php?rest_route=\/wp\/v2\/posts"}],"about":[{"href":"https:\/\/prefeitura.santarosa.rs.gov.br\/index.php?rest_route=\/wp\/v2\/types\/post"}],"author":[{"embeddable":true,"href":"https:\/\/prefeitura.santarosa.rs.gov.br\/index.php?rest_route=\/wp\/v2\/users\/6"}],"replies":[{"embeddable":true,"href":"https:\/\/prefeitura.santarosa.rs.gov.br\/index.php?rest_route=%2Fwp%2Fv2%2Fcomments&post=12439"}],"version-history":[{"count":1,"href":"https:\/\/prefeitura.santarosa.rs.gov.br\/index.php?rest_route=\/wp\/v2\/posts\/12439\/revisions"}],"predecessor-version":[{"id":12442,"href":"https:\/\/prefeitura.santarosa.rs.gov.br\/index.php?rest_route=\/wp\/v2\/posts\/12439\/revisions\/12442"}],"wp:featuredmedia":[{"embeddable":true,"href":"https:\/\/prefeitura.santarosa.rs.gov.br\/index.php?rest_route=\/wp\/v2\/media\/12441"}],"wp:attachment":[{"href":"https:\/\/prefeitura.santarosa.rs.gov.br\/index.php?rest_route=%2Fwp%2Fv2%2Fmedia&parent=12439"}],"wp:term":[{"taxonomy":"category","embeddable":true,"href":"https:\/\/prefeitura.santarosa.rs.gov.br\/index.php?rest_route=%2Fwp%2Fv2%2Fcategories&post=12439"},{"taxonomy":"post_tag","embeddable":true,"href":"https:\/\/prefeitura.santarosa.rs.gov.br\/index.php?rest_route=%2Fwp%2Fv2%2Ftags&post=12439"}],"curies":[{"name":"wp","href":"https:\/\/api.w.org\/{rel}","templated":true}]}}