{"id":12424,"date":"2025-01-09T16:36:51","date_gmt":"2025-01-09T19:36:51","guid":{"rendered":"https:\/\/prefeitura.santarosa.rs.gov.br\/?p=12424"},"modified":"2025-01-09T16:36:51","modified_gmt":"2025-01-09T19:36:51","slug":"retrospectivas-2024-escolas-municipais-emei-olhar-de-crianca-unidade-1","status":"publish","type":"post","link":"https:\/\/prefeitura.santarosa.rs.gov.br\/?p=12424","title":{"rendered":"Retrospectivas 2024 Escolas Municipais: EMEI Olhar de Crian\u00e7a &#8211; Unidade 1"},"content":{"rendered":"\n<figure class=\"wp-block-image size-full\"><img fetchpriority=\"high\" decoding=\"async\" width=\"860\" height=\"645\" src=\"https:\/\/prefeitura.santarosa.rs.gov.br\/wp-content\/uploads\/2025\/01\/Formato-Site-e-Portal-860X645-JPG-66.jpg\" alt=\"\" class=\"wp-image-12425\" srcset=\"https:\/\/prefeitura.santarosa.rs.gov.br\/wp-content\/uploads\/2025\/01\/Formato-Site-e-Portal-860X645-JPG-66.jpg 860w, https:\/\/prefeitura.santarosa.rs.gov.br\/wp-content\/uploads\/2025\/01\/Formato-Site-e-Portal-860X645-JPG-66-300x225.jpg 300w, https:\/\/prefeitura.santarosa.rs.gov.br\/wp-content\/uploads\/2025\/01\/Formato-Site-e-Portal-860X645-JPG-66-768x576.jpg 768w\" sizes=\"(max-width: 860px) 100vw, 860px\" \/><\/figure>\n\n\n\n<p>O ano de 2024 foi repleto de conquistas e desafios superados para a EMEI Olhar de Crian\u00e7a &#8211; Unidade 1. Localizada no antigo pr\u00e9dio da Escola Estadual Edmundo Pilz, a escola completou 4 anos de atividades nesse espa\u00e7o. Atualmente, a institui\u00e7\u00e3o conta com 232 alunos (127 meninos e 105 meninas), com idades entre 4 e 5 anos, distribu\u00eddos em 11 turmas. Entre as a\u00e7\u00f5es mais significativas, foram destaque as iniciativas solid\u00e1rias, como o apoio para as fam\u00edlias afetadas pela enchente no Rio Grande do Sul e a ajuda para uma fam\u00edlia que perdeu a casa em um inc\u00eandio. Al\u00e9m disso, a escola participou do concurso, &#8220;100 anos da soja no Brasil&#8221;, implementou o projeto &#8220;Sa\u00fade Bucal&#8221;, e realizou eventos em datas comemorativas.<\/p>\n\n\n\n<p>A equipe da EMEI Olhar de Crian\u00e7a, composta por 22 servidores, foi essencial para que 2024 fosse um ano de grandes realiza\u00e7\u00f5es. A diretora da escola, Elenice Strapazzon, celebra o esfor\u00e7o coletivo, \u201cMais um ano letivo chegou ao fim, onde conseguimos ultrapassar desafios, trabalhando de m\u00e3os dadas com o corpo docente, funcion\u00e1rios e sempre contando com o apoio dos pais ou respons\u00e1veis dos alunos. Nosso compromisso \u00e9 seguir estimulando o desenvolvimento educacional, al\u00e9m de promover cada vez mais, o bem-estar das nossas crian\u00e7as\u201d.<\/p>\n\n\n\n<p>Al\u00e9m das a\u00e7\u00f5es realizadas, a escola se prepara para 2025 com novos projetos, incluindo a pintura do pr\u00e9dio, amplia\u00e7\u00e3o do refeit\u00f3rio e a aquisi\u00e7\u00e3o de um novo playground, entre outras melhorias na infraestrutura. A EMEI Olhar de Crian\u00e7a &#8211; Unidade 1 fica localizada na Avenida Santa Cruz, n\u00ba 1.300, Centro.<\/p>\n","protected":false},"excerpt":{"rendered":"<p>O ano de 2024 foi repleto de conquistas e desafios superados para a EMEI Olhar de Crian\u00e7a &#8211; Unidade 1.<\/p>\n","protected":false},"author":6,"featured_media":12426,"comment_status":"closed","ping_status":"closed","sticky":false,"template":"","format":"standard","meta":{"footnotes":""},"categories":[4,18],"tags":[],"class_list":["post-12424","post","type-post","status-publish","format-standard","has-post-thumbnail","hentry","category-noticias","category-secretaria-municipal-de-educacao-e-cultura"],"aioseo_notices":[],"_links":{"self":[{"href":"https:\/\/prefeitura.santarosa.rs.gov.br\/index.php?rest_route=\/wp\/v2\/posts\/12424","targetHints":{"allow":["GET"]}}],"collection":[{"href":"https:\/\/prefeitura.santarosa.rs.gov.br\/index.php?rest_route=\/wp\/v2\/posts"}],"about":[{"href":"https:\/\/prefeitura.santarosa.rs.gov.br\/index.php?rest_route=\/wp\/v2\/types\/post"}],"author":[{"embeddable":true,"href":"https:\/\/prefeitura.santarosa.rs.gov.br\/index.php?rest_route=\/wp\/v2\/users\/6"}],"replies":[{"embeddable":true,"href":"https:\/\/prefeitura.santarosa.rs.gov.br\/index.php?rest_route=%2Fwp%2Fv2%2Fcomments&post=12424"}],"version-history":[{"count":1,"href":"https:\/\/prefeitura.santarosa.rs.gov.br\/index.php?rest_route=\/wp\/v2\/posts\/12424\/revisions"}],"predecessor-version":[{"id":12427,"href":"https:\/\/prefeitura.santarosa.rs.gov.br\/index.php?rest_route=\/wp\/v2\/posts\/12424\/revisions\/12427"}],"wp:featuredmedia":[{"embeddable":true,"href":"https:\/\/prefeitura.santarosa.rs.gov.br\/index.php?rest_route=\/wp\/v2\/media\/12426"}],"wp:attachment":[{"href":"https:\/\/prefeitura.santarosa.rs.gov.br\/index.php?rest_route=%2Fwp%2Fv2%2Fmedia&parent=12424"}],"wp:term":[{"taxonomy":"category","embeddable":true,"href":"https:\/\/prefeitura.santarosa.rs.gov.br\/index.php?rest_route=%2Fwp%2Fv2%2Fcategories&post=12424"},{"taxonomy":"post_tag","embeddable":true,"href":"https:\/\/prefeitura.santarosa.rs.gov.br\/index.php?rest_route=%2Fwp%2Fv2%2Ftags&post=12424"}],"curies":[{"name":"wp","href":"https:\/\/api.w.org\/{rel}","templated":true}]}}