{"id":12413,"date":"2025-01-09T11:24:44","date_gmt":"2025-01-09T14:24:44","guid":{"rendered":"https:\/\/prefeitura.santarosa.rs.gov.br\/?p=12413"},"modified":"2025-01-09T11:24:45","modified_gmt":"2025-01-09T14:24:45","slug":"retrospectivas-2024-escolas-municipais-emef-santa-rosa-de-lima","status":"publish","type":"post","link":"https:\/\/prefeitura.santarosa.rs.gov.br\/?p=12413","title":{"rendered":"Retrospectivas 2024 Escolas Municipais: EMEF Santa Rosa de Lima"},"content":{"rendered":"\n<figure class=\"wp-block-image size-full\"><img fetchpriority=\"high\" decoding=\"async\" width=\"860\" height=\"645\" src=\"https:\/\/prefeitura.santarosa.rs.gov.br\/wp-content\/uploads\/2025\/01\/Formato-Site-e-Portal-860X645-JPG-64.jpg\" alt=\"\" class=\"wp-image-12414\" srcset=\"https:\/\/prefeitura.santarosa.rs.gov.br\/wp-content\/uploads\/2025\/01\/Formato-Site-e-Portal-860X645-JPG-64.jpg 860w, https:\/\/prefeitura.santarosa.rs.gov.br\/wp-content\/uploads\/2025\/01\/Formato-Site-e-Portal-860X645-JPG-64-300x225.jpg 300w, https:\/\/prefeitura.santarosa.rs.gov.br\/wp-content\/uploads\/2025\/01\/Formato-Site-e-Portal-860X645-JPG-64-768x576.jpg 768w\" sizes=\"(max-width: 860px) 100vw, 860px\" \/><\/figure>\n\n\n\n<p>A Escola Municipal de Ensino Fundamental Santa Rosa de Lima, popularmente conhecida como Liminha, possui 237 alunos matriculados (126 meninos e 111 meninas), na faixa et\u00e1ria de 04 a 10 anos, no total de 11 turmas. Da pr\u00e9-escola ao 4\u00b0 ano os alunos s\u00e3o atendidos em turno integral. Durante o ano de 2024, a EMEF realizou v\u00e1rias a\u00e7\u00f5es: Feira do Conhecimento, Oficina de Karat\u00ea, Oficina de M\u00fasica, Oficina de Flauta Doce, JEPP, Super Autor, al\u00e9m de atividades em datas comemorativas como, P\u00e1scoa, Dia das M\u00e3es, Festa Junina, Dia dos Pais, Semana Farroupilha, Semana da Crian\u00e7a e Noite de Natal.<\/p>\n\n\n\n<p>A escola conta com Sala de Recursos para o Atendimento Educacional Especializado (AEE), e uma professora exclusiva para o local. Al\u00e9m disso, esta profissional tamb\u00e9m acompanha os alunos com dificuldades de aprendizagem e auxilia nos encaminhamentos para avalia\u00e7\u00f5es multidisciplinares. A Diretora Tarciane Feltraco, destaca o trabalho realizado no ano que passou, \u201cO ano de 2024 foi um ano de muitos desafios que nos fizeram crescer e nos tornaram mais fortes na conquista dos ideais para a constru\u00e7\u00e3o de uma escola que ofere\u00e7a seguran\u00e7a e qualidade no fazer pedag\u00f3gico di\u00e1rio\u201d.<\/p>\n\n\n\n<p>A equipe que atua na escola \u00e9 composta por 39 servidores. Um dos destaques para o pr\u00f3ximo ano letivo ser\u00e1 a inaugura\u00e7\u00e3o do novo parquinho infantil da EMEF. A prefeitura realizou a obra de constru\u00e7\u00e3o do espa\u00e7o recreativo, que inclui a execu\u00e7\u00e3o de pisos em bloco intertravado, piso emborrachado, piso de concreto alisado, arquibancada, bancos e lixeiras. Al\u00e9m dos brinquedos instalados, o novo espa\u00e7o kids vai contar tamb\u00e9m com uma pista de jogos pintados. Mais de R$ 400 mil foram investidos no local, com recursos pr\u00f3prios do munic\u00edpio. A Secret\u00e1ria de Educa\u00e7\u00e3o e Cultura, Josyane Heck, ressalta que o Governo Municipal tem investido em melhorias na Rede de Ensino, \u201cNo ano que passou inauguramos uma nova EMEI e para o pr\u00f3ximo ano letivo, mais duas ser\u00e3o entregues para a comunidade. Vamos ampliar o n\u00famero de vagas para cada vez mais atender melhor a popula\u00e7\u00e3o\u201d.<\/p>\n\n\n\n<p>Para 2025, o objetivo da dire\u00e7\u00e3o \u00e9 dar continuidade aos projetos em andamento, como tamb\u00e9m, implementar novas a\u00e7\u00f5es que contribuam para a constru\u00e7\u00e3o do conhecimento. A EMEF Santa Rosa de Lima fica localizada na Avenida Borges de Medeiros, n\u00ba 132 &#8211; Centro.<\/p>\n","protected":false},"excerpt":{"rendered":"<p>A Escola Municipal de Ensino Fundamental Santa Rosa de Lima, popularmente conhecida como Liminha, possui 237 alunos matriculados (126 meninos<\/p>\n","protected":false},"author":6,"featured_media":12415,"comment_status":"closed","ping_status":"closed","sticky":false,"template":"","format":"standard","meta":{"footnotes":""},"categories":[4],"tags":[],"class_list":["post-12413","post","type-post","status-publish","format-standard","has-post-thumbnail","hentry","category-noticias"],"aioseo_notices":[],"_links":{"self":[{"href":"https:\/\/prefeitura.santarosa.rs.gov.br\/index.php?rest_route=\/wp\/v2\/posts\/12413","targetHints":{"allow":["GET"]}}],"collection":[{"href":"https:\/\/prefeitura.santarosa.rs.gov.br\/index.php?rest_route=\/wp\/v2\/posts"}],"about":[{"href":"https:\/\/prefeitura.santarosa.rs.gov.br\/index.php?rest_route=\/wp\/v2\/types\/post"}],"author":[{"embeddable":true,"href":"https:\/\/prefeitura.santarosa.rs.gov.br\/index.php?rest_route=\/wp\/v2\/users\/6"}],"replies":[{"embeddable":true,"href":"https:\/\/prefeitura.santarosa.rs.gov.br\/index.php?rest_route=%2Fwp%2Fv2%2Fcomments&post=12413"}],"version-history":[{"count":1,"href":"https:\/\/prefeitura.santarosa.rs.gov.br\/index.php?rest_route=\/wp\/v2\/posts\/12413\/revisions"}],"predecessor-version":[{"id":12416,"href":"https:\/\/prefeitura.santarosa.rs.gov.br\/index.php?rest_route=\/wp\/v2\/posts\/12413\/revisions\/12416"}],"wp:featuredmedia":[{"embeddable":true,"href":"https:\/\/prefeitura.santarosa.rs.gov.br\/index.php?rest_route=\/wp\/v2\/media\/12415"}],"wp:attachment":[{"href":"https:\/\/prefeitura.santarosa.rs.gov.br\/index.php?rest_route=%2Fwp%2Fv2%2Fmedia&parent=12413"}],"wp:term":[{"taxonomy":"category","embeddable":true,"href":"https:\/\/prefeitura.santarosa.rs.gov.br\/index.php?rest_route=%2Fwp%2Fv2%2Fcategories&post=12413"},{"taxonomy":"post_tag","embeddable":true,"href":"https:\/\/prefeitura.santarosa.rs.gov.br\/index.php?rest_route=%2Fwp%2Fv2%2Ftags&post=12413"}],"curies":[{"name":"wp","href":"https:\/\/api.w.org\/{rel}","templated":true}]}}