{"id":12408,"date":"2025-01-08T16:29:00","date_gmt":"2025-01-08T19:29:00","guid":{"rendered":"https:\/\/prefeitura.santarosa.rs.gov.br\/?p=12408"},"modified":"2025-01-08T16:29:01","modified_gmt":"2025-01-08T19:29:01","slug":"retrospectivas-2024-escolas-municipais-emei-vovo-shen","status":"publish","type":"post","link":"https:\/\/prefeitura.santarosa.rs.gov.br\/?p=12408","title":{"rendered":"Retrospectivas 2024 Escolas Municipais: EMEI Vov\u00f3 Shen"},"content":{"rendered":"\n<figure class=\"wp-block-image size-full\"><img fetchpriority=\"high\" decoding=\"async\" width=\"860\" height=\"645\" src=\"https:\/\/prefeitura.santarosa.rs.gov.br\/wp-content\/uploads\/2025\/01\/Formato-Site-e-Portal-860X645-JPG-63.jpg\" alt=\"\" class=\"wp-image-12409\" srcset=\"https:\/\/prefeitura.santarosa.rs.gov.br\/wp-content\/uploads\/2025\/01\/Formato-Site-e-Portal-860X645-JPG-63.jpg 860w, https:\/\/prefeitura.santarosa.rs.gov.br\/wp-content\/uploads\/2025\/01\/Formato-Site-e-Portal-860X645-JPG-63-300x225.jpg 300w, https:\/\/prefeitura.santarosa.rs.gov.br\/wp-content\/uploads\/2025\/01\/Formato-Site-e-Portal-860X645-JPG-63-768x576.jpg 768w\" sizes=\"(max-width: 860px) 100vw, 860px\" \/><\/figure>\n\n\n\n<p>A Escola Municipal de Educa\u00e7\u00e3o Infantil Vov\u00f3 Shen completou 23 anos de atua\u00e7\u00e3o em 2024. Atualmente, a escola atende 120 alunos matriculados (65 meninos e 55 meninas) em turno integral, na faixa et\u00e1ria dos 4 meses aos 5 anos de idade. Durante o ano, diversas a\u00e7\u00f5es foram executadas, entre elas, festa junina, dia de quem cuida de mim, desfile c\u00edvico e atividade de encerramento do ano letivo.<\/p>\n\n\n\n<p>A EMEI possui uma equipe composta por 18 servidores respons\u00e1veis pelo ensino e acolhimento dos alunos. A Diretora Isabela Knob Malikowski, destaca o objetivo para o pr\u00f3ximo ano, \u201cPara 2025, iremos dar continuidade ao trabalho realizado com comprometimento e excel\u00eancia, sempre visando o bem-estar dos nossos estudantes no processo de aprendizagem\u201d.<\/p>\n\n\n\n<p>Outro destaque de 2024, foi a participa\u00e7\u00e3o da escola no 5\u00ba Brincando no Parque, evento promovido pela Secretaria de Educa\u00e7\u00e3o e Cultura. A Secret\u00e1ria de Educa\u00e7\u00e3o, Josyane Heck, ressalta a import\u00e2ncia dessa atividade, \u201cO Brincando no Parque \u00e9 um projeto que tem como foco promover a socializa\u00e7\u00e3o entre escola e fam\u00edlia. \u00c9 um evento especial, onde reunimos todos e proporcionamos momentos de descontra\u00e7\u00e3o para as crian\u00e7as atendidas na Rede Municipal de Ensino\u201d.<\/p>\n\n\n\n<p>A EMEI Vov\u00f3 Shen fica localizada na Avenida Inhacor\u00e1, n\u00ba 1460, no bairro Timba\u00fava.<\/p>\n","protected":false},"excerpt":{"rendered":"<p>A Escola Municipal de Educa\u00e7\u00e3o Infantil Vov\u00f3 Shen completou 23 anos de atua\u00e7\u00e3o em 2024. Atualmente, a escola atende 120<\/p>\n","protected":false},"author":6,"featured_media":12410,"comment_status":"closed","ping_status":"closed","sticky":false,"template":"","format":"standard","meta":{"footnotes":""},"categories":[4,18],"tags":[],"class_list":["post-12408","post","type-post","status-publish","format-standard","has-post-thumbnail","hentry","category-noticias","category-secretaria-municipal-de-educacao-e-cultura"],"aioseo_notices":[],"_links":{"self":[{"href":"https:\/\/prefeitura.santarosa.rs.gov.br\/index.php?rest_route=\/wp\/v2\/posts\/12408","targetHints":{"allow":["GET"]}}],"collection":[{"href":"https:\/\/prefeitura.santarosa.rs.gov.br\/index.php?rest_route=\/wp\/v2\/posts"}],"about":[{"href":"https:\/\/prefeitura.santarosa.rs.gov.br\/index.php?rest_route=\/wp\/v2\/types\/post"}],"author":[{"embeddable":true,"href":"https:\/\/prefeitura.santarosa.rs.gov.br\/index.php?rest_route=\/wp\/v2\/users\/6"}],"replies":[{"embeddable":true,"href":"https:\/\/prefeitura.santarosa.rs.gov.br\/index.php?rest_route=%2Fwp%2Fv2%2Fcomments&post=12408"}],"version-history":[{"count":1,"href":"https:\/\/prefeitura.santarosa.rs.gov.br\/index.php?rest_route=\/wp\/v2\/posts\/12408\/revisions"}],"predecessor-version":[{"id":12411,"href":"https:\/\/prefeitura.santarosa.rs.gov.br\/index.php?rest_route=\/wp\/v2\/posts\/12408\/revisions\/12411"}],"wp:featuredmedia":[{"embeddable":true,"href":"https:\/\/prefeitura.santarosa.rs.gov.br\/index.php?rest_route=\/wp\/v2\/media\/12410"}],"wp:attachment":[{"href":"https:\/\/prefeitura.santarosa.rs.gov.br\/index.php?rest_route=%2Fwp%2Fv2%2Fmedia&parent=12408"}],"wp:term":[{"taxonomy":"category","embeddable":true,"href":"https:\/\/prefeitura.santarosa.rs.gov.br\/index.php?rest_route=%2Fwp%2Fv2%2Fcategories&post=12408"},{"taxonomy":"post_tag","embeddable":true,"href":"https:\/\/prefeitura.santarosa.rs.gov.br\/index.php?rest_route=%2Fwp%2Fv2%2Ftags&post=12408"}],"curies":[{"name":"wp","href":"https:\/\/api.w.org\/{rel}","templated":true}]}}