{"id":12404,"date":"2025-01-08T16:21:29","date_gmt":"2025-01-08T19:21:29","guid":{"rendered":"https:\/\/prefeitura.santarosa.rs.gov.br\/?p=12404"},"modified":"2025-01-08T16:21:29","modified_gmt":"2025-01-08T19:21:29","slug":"retrospectivas-2024-escolas-municipais-emef-nossa-senhora-de-fatima","status":"publish","type":"post","link":"https:\/\/prefeitura.santarosa.rs.gov.br\/?p=12404","title":{"rendered":"Retrospectivas 2024 Escolas Municipais: EMEF Nossa Senhora de F\u00e1tima"},"content":{"rendered":"\n<figure class=\"wp-block-image size-full\"><img fetchpriority=\"high\" decoding=\"async\" width=\"860\" height=\"645\" src=\"https:\/\/prefeitura.santarosa.rs.gov.br\/wp-content\/uploads\/2025\/01\/Formato-Site-e-Portal-860X645-JPG-62.jpg\" alt=\"\" class=\"wp-image-12405\" srcset=\"https:\/\/prefeitura.santarosa.rs.gov.br\/wp-content\/uploads\/2025\/01\/Formato-Site-e-Portal-860X645-JPG-62.jpg 860w, https:\/\/prefeitura.santarosa.rs.gov.br\/wp-content\/uploads\/2025\/01\/Formato-Site-e-Portal-860X645-JPG-62-300x225.jpg 300w, https:\/\/prefeitura.santarosa.rs.gov.br\/wp-content\/uploads\/2025\/01\/Formato-Site-e-Portal-860X645-JPG-62-768x576.jpg 768w\" sizes=\"(max-width: 860px) 100vw, 860px\" \/><\/figure>\n\n\n\n<p>O Governo Municipal apresenta nesta quarta-feira (08), a retrospectiva da EMEF Nossa Senhora de F\u00e1tima. Localizada no bairro Sulina, a escola completou 65 anos em 2024. Atualmente, a institui\u00e7\u00e3o conta com 592 alunos matriculados em turmas da pr\u00e9-escola ao 9\u00ba ano do Ensino Fundamental. Durante o ano, v\u00e1rios projetos foram implementados, com destaque para o Projeto de Leitura, Gincana de Anivers\u00e1rio da Escola, Semana da Crian\u00e7a, Semana do Ga\u00facho, Consci\u00eancia Negra e visitas aos munic\u00edpios da regi\u00e3o.<\/p>\n\n\n\n<p>No turno inverso, a escola oferece treinos esportivos, aulas de refor\u00e7o, Grupo de Alimenta\u00e7\u00e3o Saud\u00e1vel, Dan\u00e7a, Cultura da Paz, Tribos e Banda. Outro destaque de 2024, foram as melhorias na infraestrutura, como a reforma do telhado, nova grade de prote\u00e7\u00e3o do parque infantil, balan\u00e7os novos, novo aparelho de ar condicionado, reforma da secretaria da escola e um playground que teve recursos da Cooperativa Sicredi. O Diretor William Horst Adam, destacou o compromisso da equipe diretiva para o ano de 2025, \u201cUm ambiente escolar acolhedor \u00e9 fundamental para o aprendizado. No ano que vem, daremos ainda mais aten\u00e7\u00e3o ao bem-estar de nossos alunos, promovendo atividades que estimulem a criatividade, a colabora\u00e7\u00e3o e o desenvolvimento integral de cada estudante\u201d.<\/p>\n\n\n\n<p>A EMEF Nossa Senhora de F\u00e1tima possui no quadro de servidores, 41 professores, 4 monitores, 1 agente administrativo e 6 funcion\u00e1rios terceirizados. A escola fica localizada na Rua Jo\u00e3o Pedro Timm, n\u00ba 585, bairro Sulina.<\/p>\n","protected":false},"excerpt":{"rendered":"<p>O Governo Municipal apresenta nesta quarta-feira (08), a retrospectiva da EMEF Nossa Senhora de F\u00e1tima. Localizada no bairro Sulina, a<\/p>\n","protected":false},"author":6,"featured_media":12406,"comment_status":"closed","ping_status":"closed","sticky":false,"template":"","format":"standard","meta":{"footnotes":""},"categories":[18],"tags":[],"class_list":["post-12404","post","type-post","status-publish","format-standard","has-post-thumbnail","hentry","category-secretaria-municipal-de-educacao-e-cultura"],"aioseo_notices":[],"_links":{"self":[{"href":"https:\/\/prefeitura.santarosa.rs.gov.br\/index.php?rest_route=\/wp\/v2\/posts\/12404","targetHints":{"allow":["GET"]}}],"collection":[{"href":"https:\/\/prefeitura.santarosa.rs.gov.br\/index.php?rest_route=\/wp\/v2\/posts"}],"about":[{"href":"https:\/\/prefeitura.santarosa.rs.gov.br\/index.php?rest_route=\/wp\/v2\/types\/post"}],"author":[{"embeddable":true,"href":"https:\/\/prefeitura.santarosa.rs.gov.br\/index.php?rest_route=\/wp\/v2\/users\/6"}],"replies":[{"embeddable":true,"href":"https:\/\/prefeitura.santarosa.rs.gov.br\/index.php?rest_route=%2Fwp%2Fv2%2Fcomments&post=12404"}],"version-history":[{"count":1,"href":"https:\/\/prefeitura.santarosa.rs.gov.br\/index.php?rest_route=\/wp\/v2\/posts\/12404\/revisions"}],"predecessor-version":[{"id":12407,"href":"https:\/\/prefeitura.santarosa.rs.gov.br\/index.php?rest_route=\/wp\/v2\/posts\/12404\/revisions\/12407"}],"wp:featuredmedia":[{"embeddable":true,"href":"https:\/\/prefeitura.santarosa.rs.gov.br\/index.php?rest_route=\/wp\/v2\/media\/12406"}],"wp:attachment":[{"href":"https:\/\/prefeitura.santarosa.rs.gov.br\/index.php?rest_route=%2Fwp%2Fv2%2Fmedia&parent=12404"}],"wp:term":[{"taxonomy":"category","embeddable":true,"href":"https:\/\/prefeitura.santarosa.rs.gov.br\/index.php?rest_route=%2Fwp%2Fv2%2Fcategories&post=12404"},{"taxonomy":"post_tag","embeddable":true,"href":"https:\/\/prefeitura.santarosa.rs.gov.br\/index.php?rest_route=%2Fwp%2Fv2%2Ftags&post=12404"}],"curies":[{"name":"wp","href":"https:\/\/api.w.org\/{rel}","templated":true}]}}