{"id":12400,"date":"2025-01-08T15:40:22","date_gmt":"2025-01-08T18:40:22","guid":{"rendered":"https:\/\/prefeitura.santarosa.rs.gov.br\/?p=12400"},"modified":"2025-01-08T15:40:22","modified_gmt":"2025-01-08T18:40:22","slug":"retrospectivas-2024-unidades-basicas-de-saude-julio-de-oliveira","status":"publish","type":"post","link":"https:\/\/prefeitura.santarosa.rs.gov.br\/?p=12400","title":{"rendered":"Retrospectivas 2024 Unidades B\u00e1sicas de Sa\u00fade: J\u00falio de Oliveira"},"content":{"rendered":"\n<figure class=\"wp-block-image size-full\"><img fetchpriority=\"high\" decoding=\"async\" width=\"860\" height=\"645\" src=\"https:\/\/prefeitura.santarosa.rs.gov.br\/wp-content\/uploads\/2025\/01\/Formato-Site-e-Portal-860X645-JPG-61.jpg\" alt=\"\" class=\"wp-image-12401\" srcset=\"https:\/\/prefeitura.santarosa.rs.gov.br\/wp-content\/uploads\/2025\/01\/Formato-Site-e-Portal-860X645-JPG-61.jpg 860w, https:\/\/prefeitura.santarosa.rs.gov.br\/wp-content\/uploads\/2025\/01\/Formato-Site-e-Portal-860X645-JPG-61-300x225.jpg 300w, https:\/\/prefeitura.santarosa.rs.gov.br\/wp-content\/uploads\/2025\/01\/Formato-Site-e-Portal-860X645-JPG-61-768x576.jpg 768w\" sizes=\"(max-width: 860px) 100vw, 860px\" \/><\/figure>\n\n\n\n<p>Com 11 anos de cria\u00e7\u00e3o, a Unidade B\u00e1sica de Sa\u00fade J\u00falio de Oliveira \u00e9 uma das 18 UBSs que fazem parte da Funda\u00e7\u00e3o Municipal de Sa\u00fade de Santa Rosa. Em 2024, foram realizados na unidade mais de 100 mil procedimentos. A equipe que atua no local promoveu diversas atividades junto \u00e0 comunidade, com destaque para os grupos de hipertensos e diab\u00e9ticos, de cessa\u00e7\u00e3o do tabagismo e as oficinas terap\u00eauticas. Uma novidade do ano que passou foi tamb\u00e9m, o grupo de reeduca\u00e7\u00e3o alimentar para crian\u00e7as.<\/p>\n\n\n\n<p>De janeiro a dezembro ocorreram na unidade, 6.269 atendimentos odontol\u00f3gicos, 636 teleconsultas e mais de 23 mil atividades realizadas pelos Agentes Comunit\u00e1rios de Sa\u00fade. No 3\u00ba turno, aconteceram 1.447 atendimentos. A Coordenadora da UBS J\u00falio de Oliveira, Lenita Dalcin, destaca que a equipe est\u00e1 sempre comprometida em entregar um atendimento qualificado para a popula\u00e7\u00e3o, \u201cO ano de 2024 foi de muito empenho na busca por mais qualidade de vida para nossa popula\u00e7\u00e3o atrav\u00e9s do terceiro turno, das oficinas terap\u00eauticas, do trabalho nas escolas e nas pastorais. Buscamos sempre aprimorar nossas a\u00e7\u00f5es para ofertar o melhor cuidado para cada cidad\u00e3o\u201d.<\/p>\n\n\n\n<p>Outro diferencial da unidade \u00e9 que ela faz parte da Rede Bem Cuidar, Programa de Incentivo para Aten\u00e7\u00e3o Prim\u00e1ria \u00e0 Sa\u00fade &#8211; PIAPS, do Governo do Rio Grande do Sul. O Presidente da FUMSSAR, D\u00e9lcio Stefan, ressalta a import\u00e2ncia do programa para o munic\u00edpio, \u201cEste \u00e9 um excelente programa que tem como proposta a colabora\u00e7\u00e3o m\u00fatua entre as gest\u00f5es estadual e municipal, os trabalhadores da sa\u00fade e a popula\u00e7\u00e3o. O objetivo \u00e9 incentivar a melhoria e o fortalecimento dos servi\u00e7os oferecidos atrav\u00e9s da Aten\u00e7\u00e3o Prim\u00e1ria aos usu\u00e1rios do SUS\u201d.<\/p>\n\n\n\n<p>A UBS J\u00falio de Oliveira \u00e9 respons\u00e1vel pelo atendimento de 3.801 habitantes (1.942 homens e 1.859 mulheres). A unidade conta ainda, com a participa\u00e7\u00e3o efetiva de integrantes do Programa de Resid\u00eancia Multiprofissional da FUMSSAR. Fazem parte da \u00e1rea de abrang\u00eancia da UBS, as seguintes localidades: J\u00falio de Oliveira, Vila Speroni, Vila Valdemar Pisoni e Lajeado Capim<\/p>\n","protected":false},"excerpt":{"rendered":"<p>Com 11 anos de cria\u00e7\u00e3o, a Unidade B\u00e1sica de Sa\u00fade J\u00falio de Oliveira \u00e9 uma das 18 UBSs que fazem<\/p>\n","protected":false},"author":6,"featured_media":12402,"comment_status":"closed","ping_status":"closed","sticky":false,"template":"","format":"standard","meta":{"footnotes":""},"categories":[4,8],"tags":[],"class_list":["post-12400","post","type-post","status-publish","format-standard","has-post-thumbnail","hentry","category-noticias","category-noticias-fumssar"],"aioseo_notices":[],"_links":{"self":[{"href":"https:\/\/prefeitura.santarosa.rs.gov.br\/index.php?rest_route=\/wp\/v2\/posts\/12400","targetHints":{"allow":["GET"]}}],"collection":[{"href":"https:\/\/prefeitura.santarosa.rs.gov.br\/index.php?rest_route=\/wp\/v2\/posts"}],"about":[{"href":"https:\/\/prefeitura.santarosa.rs.gov.br\/index.php?rest_route=\/wp\/v2\/types\/post"}],"author":[{"embeddable":true,"href":"https:\/\/prefeitura.santarosa.rs.gov.br\/index.php?rest_route=\/wp\/v2\/users\/6"}],"replies":[{"embeddable":true,"href":"https:\/\/prefeitura.santarosa.rs.gov.br\/index.php?rest_route=%2Fwp%2Fv2%2Fcomments&post=12400"}],"version-history":[{"count":1,"href":"https:\/\/prefeitura.santarosa.rs.gov.br\/index.php?rest_route=\/wp\/v2\/posts\/12400\/revisions"}],"predecessor-version":[{"id":12403,"href":"https:\/\/prefeitura.santarosa.rs.gov.br\/index.php?rest_route=\/wp\/v2\/posts\/12400\/revisions\/12403"}],"wp:featuredmedia":[{"embeddable":true,"href":"https:\/\/prefeitura.santarosa.rs.gov.br\/index.php?rest_route=\/wp\/v2\/media\/12402"}],"wp:attachment":[{"href":"https:\/\/prefeitura.santarosa.rs.gov.br\/index.php?rest_route=%2Fwp%2Fv2%2Fmedia&parent=12400"}],"wp:term":[{"taxonomy":"category","embeddable":true,"href":"https:\/\/prefeitura.santarosa.rs.gov.br\/index.php?rest_route=%2Fwp%2Fv2%2Fcategories&post=12400"},{"taxonomy":"post_tag","embeddable":true,"href":"https:\/\/prefeitura.santarosa.rs.gov.br\/index.php?rest_route=%2Fwp%2Fv2%2Ftags&post=12400"}],"curies":[{"name":"wp","href":"https:\/\/api.w.org\/{rel}","templated":true}]}}