{"id":12396,"date":"2025-01-08T13:41:33","date_gmt":"2025-01-08T16:41:33","guid":{"rendered":"https:\/\/prefeitura.santarosa.rs.gov.br\/?p=12396"},"modified":"2025-01-08T13:41:34","modified_gmt":"2025-01-08T16:41:34","slug":"retrospectivas-2024-secretarias-administracao-e-fazenda","status":"publish","type":"post","link":"https:\/\/prefeitura.santarosa.rs.gov.br\/?p=12396","title":{"rendered":"Retrospectivas 2024 Secretarias: Administra\u00e7\u00e3o e Fazenda"},"content":{"rendered":"\n<figure class=\"wp-block-image size-full\"><img fetchpriority=\"high\" decoding=\"async\" width=\"860\" height=\"645\" src=\"https:\/\/prefeitura.santarosa.rs.gov.br\/wp-content\/uploads\/2025\/01\/Formato-Site-e-Portal-860X645-JPG-60.jpg\" alt=\"\" class=\"wp-image-12397\" srcset=\"https:\/\/prefeitura.santarosa.rs.gov.br\/wp-content\/uploads\/2025\/01\/Formato-Site-e-Portal-860X645-JPG-60.jpg 860w, https:\/\/prefeitura.santarosa.rs.gov.br\/wp-content\/uploads\/2025\/01\/Formato-Site-e-Portal-860X645-JPG-60-300x225.jpg 300w, https:\/\/prefeitura.santarosa.rs.gov.br\/wp-content\/uploads\/2025\/01\/Formato-Site-e-Portal-860X645-JPG-60-768x576.jpg 768w\" sizes=\"(max-width: 860px) 100vw, 860px\" \/><\/figure>\n\n\n\n<p>A Secretaria de Administra\u00e7\u00e3o e Fazenda \u00e9 uma das maiores estruturas da Prefeitura de Santa Rosa, com um quadro de 162 servidores que desempenham suas fun\u00e7\u00f5es em \u00e1reas estrat\u00e9gicas, como Recursos Humanos, Compras, Licita\u00e7\u00f5es, Protocolo, Ouvidoria, Patrim\u00f4nio, Almoxarifado, Fazenda, Tesouraria, Contabilidade, Servi\u00e7os Auxiliares, Log\u00edstica e Seguran\u00e7a. Em 2024, importantes avan\u00e7os foram realizados, entre eles, na moderniza\u00e7\u00e3o dos pagamentos e no acesso dos contribuintes.<\/p>\n\n\n\n<p>Outro destaque foi o Programa Especial de Recupera\u00e7\u00e3o e Regulariza\u00e7\u00e3o de D\u00edvidas &#8211; Recupera Santa Rosa, que possibilitou aos cidad\u00e3os com d\u00e9bitos tribut\u00e1rios, a oportunidade da regulariza\u00e7\u00e3o com descontos de at\u00e9 90% sobre juros e multas. Paralelamente, foi conduzida uma intensa campanha de cobran\u00e7a de cr\u00e9ditos tribut\u00e1rios inscritos em d\u00edvida ativa, o que resultou na recupera\u00e7\u00e3o de mais de R$ 7,2 milh\u00f5es para os cofres municipais. De janeiro a dezembro, foram registrados 26.901 atendimentos presenciais na prefeitura. Na secretaria houve tamb\u00e9m, a amplia\u00e7\u00e3o do canal de comunica\u00e7\u00e3o direta com contribuintes em d\u00e9bito com a Fazenda P\u00fablica Municipal, utilizando o WhatsApp e liga\u00e7\u00f5es telef\u00f4nicas. Por meio desses canais, os contribuintes receberam informa\u00e7\u00f5es detalhadas sobre pend\u00eancias e orienta\u00e7\u00f5es sobre parcelamento, visando evitar o encaminhamento das d\u00edvidas para cobran\u00e7a judicial.<\/p>\n\n\n\n<p>Um importante avan\u00e7o foi a integra\u00e7\u00e3o com a REDESIM (Rede Nacional para a Simplifica\u00e7\u00e3o do Registro e da Legaliza\u00e7\u00e3o de Empresas e Neg\u00f3cios) na atualiza\u00e7\u00e3o cadastral das empresas. Altera\u00e7\u00f5es relacionadas a s\u00f3cios, endere\u00e7o ou atividade econ\u00f4mica passaram a ser automaticamente refletidas no cadastro do munic\u00edpio, reduzindo a burocracia e garantindo maior agilidade e efici\u00eancia no acesso \u00e0s informa\u00e7\u00f5es. Em 2024, o Departamento de Recursos Humanos (DRH), implementou a\u00e7\u00f5es de qualifica\u00e7\u00e3o. Entre as principais iniciativas, foram promovidos cursos de capacita\u00e7\u00e3o para os servidores e digitalizados seis processos administrativos, o que resultou em maior agilidade, efici\u00eancia e redu\u00e7\u00e3o de custos operacionais. O DRH tamb\u00e9m intensificou a\u00e7\u00f5es de integra\u00e7\u00e3o de novos servidores em parceria com outras secretarias, FUMSSAR e a Previrosa. No total, foram realizados cerca de nove cursos, somando 1.518 horas de capacita\u00e7\u00e3o com a participa\u00e7\u00e3o de 183 servidores.<\/p>\n\n\n\n<p>O Departamento de Contabilidade e Finan\u00e7as tem aprimorado suas t\u00e9cnicas, com foco em aperfei\u00e7oar o conhecimento sobre as mudan\u00e7as e altera\u00e7\u00f5es das normas da contabilidade aplicadas ao setor p\u00fablico. No setor de patrim\u00f4nio, foi realizado um processo de reorganiza\u00e7\u00e3o com foco no monitoramento e controle dos bens m\u00f3veis e im\u00f3veis do munic\u00edpio. A Se\u00e7\u00e3o de Compras tamb\u00e9m desempenhou um papel estrat\u00e9gico no ano que passou, oferecendo suporte essencial nas diversas obras realizadas no munic\u00edpio. Em parceria com o Setor de Licita\u00e7\u00f5es, foram conduzidos 52 preg\u00f5es eletr\u00f4nicos, 4 preg\u00f5es presenciais e 38 concorr\u00eancias eletr\u00f4nicas, o que possibilitou a contrata\u00e7\u00e3o de empresas para obras de pavimenta\u00e7\u00e3o asf\u00e1ltica, cal\u00e7amento com pedras irregulares, abertura de ruas, manuten\u00e7\u00e3o de logradouros p\u00fablicos e outros projetos significativos.<\/p>\n\n\n\n<p>A secretaria tamb\u00e9m deu continuidade e concluiu diversos processos, tanto f\u00edsicos quanto digitais, al\u00e9m de iniciar novos procedimentos voltados \u00e0 moderniza\u00e7\u00e3o administrativa e ao atendimento das demandas do munic\u00edpio. A Secret\u00e1ria de Administra\u00e7\u00e3o e Fazenda, Ivane Simionato Antunes, destacou que, al\u00e9m de atender diretamente o p\u00fablico, a secretaria possui um papel estruturante, oferecendo suporte log\u00edstico e operacional para as demais pastas do munic\u00edpio, \u201cA colabora\u00e7\u00e3o ativa dos servidores de todos os departamentos e setores foi determinante para alcan\u00e7armos um alto padr\u00e3o de qualidade e efici\u00eancia na execu\u00e7\u00e3o das atividades. Foi um ano de grandes desafios, mas juntos conseguimos avan\u00e7ar e atender as demandas do munic\u00edpio\u201d.<\/p>\n\n\n\n<p>Entre as a\u00e7\u00f5es estrat\u00e9gicas, foi realizada a elabora\u00e7\u00e3o de uma Instru\u00e7\u00e3o Normativa destinada a aprimorar a efici\u00eancia da gest\u00e3o. A medida estabeleceu diretrizes claras para a ado\u00e7\u00e3o de procedimentos em conformidade com os princ\u00edpios fundamentais da administra\u00e7\u00e3o p\u00fablica: legalidade, impessoalidade, moralidade, publicidade e efici\u00eancia. Para 2025, o Secret\u00e1rio Maicon Zamboni, que acaba de assumir a pasta, destaca, \u201cContamos com uma equipe qualificada e projetos ambiciosos para 2025. Nosso trabalho \u00e9 garantir que as necessidades do munic\u00edpio sejam atendidas de forma eficiente e alinhada aos interesses dos cidad\u00e3os\u201d.<\/p>\n\n\n\n<p>A Secretaria de Administra\u00e7\u00e3o e Fazenda \u00e9 respons\u00e1vel pela seguran\u00e7a do patrim\u00f4nio p\u00fablico, manuten\u00e7\u00e3o e reforma de pr\u00e9dios e estruturas municipais, gest\u00e3o da frota de ve\u00edculos e fornecimento de materiais de consumo interno.<\/p>\n","protected":false},"excerpt":{"rendered":"<p>A Secretaria de Administra\u00e7\u00e3o e Fazenda \u00e9 uma das maiores estruturas da Prefeitura de Santa Rosa, com um quadro de<\/p>\n","protected":false},"author":6,"featured_media":12398,"comment_status":"closed","ping_status":"closed","sticky":false,"template":"","format":"standard","meta":{"footnotes":""},"categories":[4,13],"tags":[],"class_list":["post-12396","post","type-post","status-publish","format-standard","has-post-thumbnail","hentry","category-noticias","category-secretaria-municipal-de-administracao-e-fazenda"],"aioseo_notices":[],"_links":{"self":[{"href":"https:\/\/prefeitura.santarosa.rs.gov.br\/index.php?rest_route=\/wp\/v2\/posts\/12396","targetHints":{"allow":["GET"]}}],"collection":[{"href":"https:\/\/prefeitura.santarosa.rs.gov.br\/index.php?rest_route=\/wp\/v2\/posts"}],"about":[{"href":"https:\/\/prefeitura.santarosa.rs.gov.br\/index.php?rest_route=\/wp\/v2\/types\/post"}],"author":[{"embeddable":true,"href":"https:\/\/prefeitura.santarosa.rs.gov.br\/index.php?rest_route=\/wp\/v2\/users\/6"}],"replies":[{"embeddable":true,"href":"https:\/\/prefeitura.santarosa.rs.gov.br\/index.php?rest_route=%2Fwp%2Fv2%2Fcomments&post=12396"}],"version-history":[{"count":1,"href":"https:\/\/prefeitura.santarosa.rs.gov.br\/index.php?rest_route=\/wp\/v2\/posts\/12396\/revisions"}],"predecessor-version":[{"id":12399,"href":"https:\/\/prefeitura.santarosa.rs.gov.br\/index.php?rest_route=\/wp\/v2\/posts\/12396\/revisions\/12399"}],"wp:featuredmedia":[{"embeddable":true,"href":"https:\/\/prefeitura.santarosa.rs.gov.br\/index.php?rest_route=\/wp\/v2\/media\/12398"}],"wp:attachment":[{"href":"https:\/\/prefeitura.santarosa.rs.gov.br\/index.php?rest_route=%2Fwp%2Fv2%2Fmedia&parent=12396"}],"wp:term":[{"taxonomy":"category","embeddable":true,"href":"https:\/\/prefeitura.santarosa.rs.gov.br\/index.php?rest_route=%2Fwp%2Fv2%2Fcategories&post=12396"},{"taxonomy":"post_tag","embeddable":true,"href":"https:\/\/prefeitura.santarosa.rs.gov.br\/index.php?rest_route=%2Fwp%2Fv2%2Ftags&post=12396"}],"curies":[{"name":"wp","href":"https:\/\/api.w.org\/{rel}","templated":true}]}}