{"id":12390,"date":"2025-01-07T16:52:51","date_gmt":"2025-01-07T19:52:51","guid":{"rendered":"https:\/\/prefeitura.santarosa.rs.gov.br\/?p=12390"},"modified":"2025-01-07T16:52:51","modified_gmt":"2025-01-07T19:52:51","slug":"retrospectivas-2024-escolas-municipais-emei-jeito-de-crianca","status":"publish","type":"post","link":"https:\/\/prefeitura.santarosa.rs.gov.br\/?p=12390","title":{"rendered":"Retrospectivas 2024 Escolas Municipais: EMEI Jeito de Crian\u00e7a"},"content":{"rendered":"\n<figure class=\"wp-block-image size-full\"><img fetchpriority=\"high\" decoding=\"async\" width=\"860\" height=\"645\" src=\"https:\/\/prefeitura.santarosa.rs.gov.br\/wp-content\/uploads\/2025\/01\/Formato-Site-e-Portal-860X645-JPG-59.jpg\" alt=\"\" class=\"wp-image-12391\" srcset=\"https:\/\/prefeitura.santarosa.rs.gov.br\/wp-content\/uploads\/2025\/01\/Formato-Site-e-Portal-860X645-JPG-59.jpg 860w, https:\/\/prefeitura.santarosa.rs.gov.br\/wp-content\/uploads\/2025\/01\/Formato-Site-e-Portal-860X645-JPG-59-300x225.jpg 300w, https:\/\/prefeitura.santarosa.rs.gov.br\/wp-content\/uploads\/2025\/01\/Formato-Site-e-Portal-860X645-JPG-59-768x576.jpg 768w\" sizes=\"(max-width: 860px) 100vw, 860px\" \/><\/figure>\n\n\n\n<p>Inaugurada em maio de 1981, a EMEI Jeito de Crian\u00e7a atua h\u00e1 mais de quatro d\u00e9cadas na Rede Municipal de Ensino. Nesses 43 anos de hist\u00f3ria, a escola tem sido respons\u00e1vel em desenvolver pr\u00e1ticas pedag\u00f3gicas e processos de aprendizagem baseados nas intera\u00e7\u00f5es e brincadeiras. A escola possui 143 crian\u00e7as matriculadas em 7 turmas de ber\u00e7\u00e1rios e maternais. Em 2024, diversas a\u00e7\u00f5es foram realizadas com destaque para a entrega dos ninhos de P\u00e1scoa, Festa Julina, Mostra de trabalhos das EMEIs, Dia da Fam\u00edlia e Festa de Natal.<\/p>\n\n\n\n<p>A EMEI conta com uma equipe formada por 21 servidoras que realizam o atendimento aos estudantes. A Diretora Jussara Andrade Rebellato, destaca que os projetos desenvolvidos pelas professoras t\u00eam uma abordagem apropriada para cada faixa et\u00e1ria, \u201cO ano que passou foi repleto de desafios e aprendizados, mas tamb\u00e9m de conquistas significativas, sempre com o compromisso de oferecer um ambiente acolhedor e seguro. No pr\u00f3ximo ano letivo, iremos dar sequ\u00eancia aos projetos que auxiliam no processo de aprendizagem das crian\u00e7as para cada vez mais, desenvolver habilidades importantes para o cotidiano dos nossos alunos\u201d.<\/p>\n\n\n\n<p>Para o ano de 2025, a dire\u00e7\u00e3o pretende realizar melhorias na infraestrutura da escola para melhor atender os estudantes. A EMEI Jeito de Crian\u00e7a fica localizada na Rua Chile, n\u00ba 757, no bairro Planalto.<\/p>\n","protected":false},"excerpt":{"rendered":"<p>Inaugurada em maio de 1981, a EMEI Jeito de Crian\u00e7a atua h\u00e1 mais de quatro d\u00e9cadas na Rede Municipal de<\/p>\n","protected":false},"author":6,"featured_media":12392,"comment_status":"closed","ping_status":"closed","sticky":false,"template":"","format":"standard","meta":{"footnotes":""},"categories":[4,18],"tags":[],"class_list":["post-12390","post","type-post","status-publish","format-standard","has-post-thumbnail","hentry","category-noticias","category-secretaria-municipal-de-educacao-e-cultura"],"aioseo_notices":[],"_links":{"self":[{"href":"https:\/\/prefeitura.santarosa.rs.gov.br\/index.php?rest_route=\/wp\/v2\/posts\/12390","targetHints":{"allow":["GET"]}}],"collection":[{"href":"https:\/\/prefeitura.santarosa.rs.gov.br\/index.php?rest_route=\/wp\/v2\/posts"}],"about":[{"href":"https:\/\/prefeitura.santarosa.rs.gov.br\/index.php?rest_route=\/wp\/v2\/types\/post"}],"author":[{"embeddable":true,"href":"https:\/\/prefeitura.santarosa.rs.gov.br\/index.php?rest_route=\/wp\/v2\/users\/6"}],"replies":[{"embeddable":true,"href":"https:\/\/prefeitura.santarosa.rs.gov.br\/index.php?rest_route=%2Fwp%2Fv2%2Fcomments&post=12390"}],"version-history":[{"count":1,"href":"https:\/\/prefeitura.santarosa.rs.gov.br\/index.php?rest_route=\/wp\/v2\/posts\/12390\/revisions"}],"predecessor-version":[{"id":12393,"href":"https:\/\/prefeitura.santarosa.rs.gov.br\/index.php?rest_route=\/wp\/v2\/posts\/12390\/revisions\/12393"}],"wp:featuredmedia":[{"embeddable":true,"href":"https:\/\/prefeitura.santarosa.rs.gov.br\/index.php?rest_route=\/wp\/v2\/media\/12392"}],"wp:attachment":[{"href":"https:\/\/prefeitura.santarosa.rs.gov.br\/index.php?rest_route=%2Fwp%2Fv2%2Fmedia&parent=12390"}],"wp:term":[{"taxonomy":"category","embeddable":true,"href":"https:\/\/prefeitura.santarosa.rs.gov.br\/index.php?rest_route=%2Fwp%2Fv2%2Fcategories&post=12390"},{"taxonomy":"post_tag","embeddable":true,"href":"https:\/\/prefeitura.santarosa.rs.gov.br\/index.php?rest_route=%2Fwp%2Fv2%2Ftags&post=12390"}],"curies":[{"name":"wp","href":"https:\/\/api.w.org\/{rel}","templated":true}]}}