{"id":12386,"date":"2025-01-07T15:40:54","date_gmt":"2025-01-07T18:40:54","guid":{"rendered":"https:\/\/prefeitura.santarosa.rs.gov.br\/?p=12386"},"modified":"2025-01-07T15:40:54","modified_gmt":"2025-01-07T18:40:54","slug":"retrospectivas-2024-unidades-basicas-de-saude-centro","status":"publish","type":"post","link":"https:\/\/prefeitura.santarosa.rs.gov.br\/?p=12386","title":{"rendered":"Retrospectivas 2024 Unidades B\u00e1sicas de Sa\u00fade: Centro"},"content":{"rendered":"\n<figure class=\"wp-block-image size-full\"><img fetchpriority=\"high\" decoding=\"async\" width=\"860\" height=\"645\" src=\"https:\/\/prefeitura.santarosa.rs.gov.br\/wp-content\/uploads\/2025\/01\/Formato-Site-e-Portal-860X645-JPG-58.jpg\" alt=\"\" class=\"wp-image-12387\" srcset=\"https:\/\/prefeitura.santarosa.rs.gov.br\/wp-content\/uploads\/2025\/01\/Formato-Site-e-Portal-860X645-JPG-58.jpg 860w, https:\/\/prefeitura.santarosa.rs.gov.br\/wp-content\/uploads\/2025\/01\/Formato-Site-e-Portal-860X645-JPG-58-300x225.jpg 300w, https:\/\/prefeitura.santarosa.rs.gov.br\/wp-content\/uploads\/2025\/01\/Formato-Site-e-Portal-860X645-JPG-58-768x576.jpg 768w\" sizes=\"(max-width: 860px) 100vw, 860px\" \/><\/figure>\n\n\n\n<p>O Governo Municipal apresenta nesta ter\u00e7a-feira (07), os dados do trabalho realizado pela equipe da Unidade B\u00e1sica de Sa\u00fade do Centro de Santa Rosa. Esta \u00e9 uma das 18 UBSs que comp\u00f5em o servi\u00e7o da Aten\u00e7\u00e3o B\u00e1sica da FUMSSAR. No ano que passou, mais de 100 mil procedimentos foram realizados. Um dos destaques de 2024, foi a realiza\u00e7\u00e3o das teleconsultas, uma tecnologia em sa\u00fade digital que proporciona mais facilidade e agilidade ao usu\u00e1rio. Com a novidade, o paciente n\u00e3o precisa se deslocar at\u00e9 a UBS e \u00e9 atendido de forma online. Cerca de 800 teleconsultas foram realizadas na unidade.<\/p>\n\n\n\n<p>Al\u00e9m do servi\u00e7o de teleatendimento, de janeiro a dezembro, a equipe multiprofissional que atua na UBS Centro, realizou 7.415 atendimentos odontol\u00f3gicos, 1.434 com nutricionista e 666 coletas do exame citopatol\u00f3gico do colo do \u00fatero. No 3\u00ba turno, mais de 1.400 pacientes acessaram o servi\u00e7o de sa\u00fade no per\u00edodo da noite. A coordenadora, Jacinta In\u00eas Lundin, ressaltou como foi 2024, \u201cFoi um ano de muito trabalho, mudan\u00e7as, desafios e aprendizados. Tenho muito orgulho da equipe de profissionais desta unidade que no dia a dia realizam um excelente atendimento aos nossos usu\u00e1rios. Para 2025, nosso objetivo \u00e9 seguir prestando um servi\u00e7o de qualidade, priorizando o cuidado integral e humanizado aos pacientes\u201d.<\/p>\n\n\n\n<p>A UBS Centro tem ainda como diferencial, o cuidado com pacientes ostomizados de Santa Rosa e tamb\u00e9m serve como campo de est\u00e1gio multiprofissional. Al\u00e9m disso, fazem parte da equipe de profissionais que atua na unidade, integrantes da Resid\u00eancia Multiprofissional em Sa\u00fade da Fam\u00edlia. Atualmente, a equipe \u00e9 respons\u00e1vel pelo atendimento de 7.356 pessoas (3.156 homens e 4.200 mulheres). A UBS completou 49 anos em 2024 e est\u00e1 localizada na Rua Buenos Aires, n\u00ba40, Centro.<\/p>\n\n\n\n<p><\/p>\n","protected":false},"excerpt":{"rendered":"<p>O Governo Municipal apresenta nesta ter\u00e7a-feira (07), os dados do trabalho realizado pela equipe da Unidade B\u00e1sica de Sa\u00fade do<\/p>\n","protected":false},"author":6,"featured_media":12388,"comment_status":"closed","ping_status":"closed","sticky":false,"template":"","format":"standard","meta":{"footnotes":""},"categories":[4,8],"tags":[],"class_list":["post-12386","post","type-post","status-publish","format-standard","has-post-thumbnail","hentry","category-noticias","category-noticias-fumssar"],"aioseo_notices":[],"_links":{"self":[{"href":"https:\/\/prefeitura.santarosa.rs.gov.br\/index.php?rest_route=\/wp\/v2\/posts\/12386","targetHints":{"allow":["GET"]}}],"collection":[{"href":"https:\/\/prefeitura.santarosa.rs.gov.br\/index.php?rest_route=\/wp\/v2\/posts"}],"about":[{"href":"https:\/\/prefeitura.santarosa.rs.gov.br\/index.php?rest_route=\/wp\/v2\/types\/post"}],"author":[{"embeddable":true,"href":"https:\/\/prefeitura.santarosa.rs.gov.br\/index.php?rest_route=\/wp\/v2\/users\/6"}],"replies":[{"embeddable":true,"href":"https:\/\/prefeitura.santarosa.rs.gov.br\/index.php?rest_route=%2Fwp%2Fv2%2Fcomments&post=12386"}],"version-history":[{"count":1,"href":"https:\/\/prefeitura.santarosa.rs.gov.br\/index.php?rest_route=\/wp\/v2\/posts\/12386\/revisions"}],"predecessor-version":[{"id":12389,"href":"https:\/\/prefeitura.santarosa.rs.gov.br\/index.php?rest_route=\/wp\/v2\/posts\/12386\/revisions\/12389"}],"wp:featuredmedia":[{"embeddable":true,"href":"https:\/\/prefeitura.santarosa.rs.gov.br\/index.php?rest_route=\/wp\/v2\/media\/12388"}],"wp:attachment":[{"href":"https:\/\/prefeitura.santarosa.rs.gov.br\/index.php?rest_route=%2Fwp%2Fv2%2Fmedia&parent=12386"}],"wp:term":[{"taxonomy":"category","embeddable":true,"href":"https:\/\/prefeitura.santarosa.rs.gov.br\/index.php?rest_route=%2Fwp%2Fv2%2Fcategories&post=12386"},{"taxonomy":"post_tag","embeddable":true,"href":"https:\/\/prefeitura.santarosa.rs.gov.br\/index.php?rest_route=%2Fwp%2Fv2%2Ftags&post=12386"}],"curies":[{"name":"wp","href":"https:\/\/api.w.org\/{rel}","templated":true}]}}