{"id":12382,"date":"2025-01-07T10:55:29","date_gmt":"2025-01-07T13:55:29","guid":{"rendered":"https:\/\/prefeitura.santarosa.rs.gov.br\/?p=12382"},"modified":"2025-01-07T10:55:29","modified_gmt":"2025-01-07T13:55:29","slug":"fumssar-e-raps-promovem-acoes-no-janeiro-branco","status":"publish","type":"post","link":"https:\/\/prefeitura.santarosa.rs.gov.br\/?p=12382","title":{"rendered":"FUMSSAR e RAPS promovem a\u00e7\u00f5es no Janeiro Branco"},"content":{"rendered":"\n<figure class=\"wp-block-image size-full\"><img fetchpriority=\"high\" decoding=\"async\" width=\"860\" height=\"645\" src=\"https:\/\/prefeitura.santarosa.rs.gov.br\/wp-content\/uploads\/2025\/01\/Formato-Site-e-Portal-860X645-JPG-57.jpg\" alt=\"\" class=\"wp-image-12383\" srcset=\"https:\/\/prefeitura.santarosa.rs.gov.br\/wp-content\/uploads\/2025\/01\/Formato-Site-e-Portal-860X645-JPG-57.jpg 860w, https:\/\/prefeitura.santarosa.rs.gov.br\/wp-content\/uploads\/2025\/01\/Formato-Site-e-Portal-860X645-JPG-57-300x225.jpg 300w, https:\/\/prefeitura.santarosa.rs.gov.br\/wp-content\/uploads\/2025\/01\/Formato-Site-e-Portal-860X645-JPG-57-768x576.jpg 768w\" sizes=\"(max-width: 860px) 100vw, 860px\" \/><\/figure>\n\n\n\n<p>Em janeiro de 2025, no primeiro m\u00eas do ano, acontece a campanha \u201cJaneiro Branco\u201d, um movimento brasileiro sobre sa\u00fade mental que h\u00e1 mais de uma d\u00e9cada convida a sociedade a refletir, dialogar e agir em prol do bem-estar emocional. Para debater o tema e conscientizar a popula\u00e7\u00e3o, a FUMSSAR e a Rede de Aten\u00e7\u00e3o Psicossocial de Santa Rosa (RAPS) prepararam uma programa\u00e7\u00e3o com diversas atividades. Durante todo o m\u00eas, ser\u00e3o realizadas a\u00e7\u00f5es voltadas para os cuidados com a sa\u00fade mental.<\/p>\n\n\n\n<p>Neste ano, o lema \u00e9: \u201cO que fazer pela sa\u00fade mental agora e sempre?\u201d. A gerente da Rede de Aten\u00e7\u00e3o Psicossocial, Fl\u00e1via Albuquerque, destaca a import\u00e2ncia da preven\u00e7\u00e3o quando se trata de sa\u00fade mental, &#8220;Vivemos tempos desafiadores, e a ansiedade tem afetado cada vez mais pessoas, independentemente da idade ou condi\u00e7\u00e3o social. A preven\u00e7\u00e3o \u00e9 a chave para uma boa sa\u00fade mental. Ter um cuidado cont\u00ednuo, conversar sobre os sentimentos, buscar apoio quando necess\u00e1rio e adotar pr\u00e1ticas saud\u00e1veis podem fazer toda a diferen\u00e7a. O Janeiro Branco \u00e9 um convite para refletirmos sobre o que podemos fazer para cuidar de nossa mente agora e ao longo do ano&#8221;.<\/p>\n\n\n\n<p>A FUMSSAR conta com equipes multiprofissionais qualificadas, compostas por m\u00e9dicos psiquiatras, neurologistas e cl\u00ednicos gerais, al\u00e9m de psic\u00f3logas, terapeutas ocupacionais, assistentes sociais, enfermeiras, oficineiras, educadores f\u00edsicos e t\u00e9cnicos de enfermagem. A programa\u00e7\u00e3o do Janeiro Branco \u00e9 voltada principalmente para as pessoas com transtornos mentais e\/ou sofrimento ps\u00edquico, que est\u00e3o em tratamento na rede p\u00fablica de sa\u00fade de Santa Rosa. Dentre as a\u00e7\u00f5es propostas, est\u00e3o pr\u00e1ticas esportivas, cinema ao ar livre e atendimento psicossocial em demanda livre. A primeira atividade come\u00e7a na quinta-feira (09), com atendimento em livre demanda no CAPS II Novo Rumo, das 18h \u00e0s 20h30min. A programa\u00e7\u00e3o completa pode ser conferida nas p\u00e1ginas oficiais da prefeitura.<\/p>\n\n\n\n<p><\/p>\n","protected":false},"excerpt":{"rendered":"<p>Em janeiro de 2025, no primeiro m\u00eas do ano, acontece a campanha \u201cJaneiro Branco\u201d, um movimento brasileiro sobre sa\u00fade mental<\/p>\n","protected":false},"author":6,"featured_media":12384,"comment_status":"closed","ping_status":"open","sticky":false,"template":"","format":"standard","meta":{"footnotes":""},"categories":[4,8],"tags":[],"class_list":["post-12382","post","type-post","status-publish","format-standard","has-post-thumbnail","hentry","category-noticias","category-noticias-fumssar"],"aioseo_notices":[],"_links":{"self":[{"href":"https:\/\/prefeitura.santarosa.rs.gov.br\/index.php?rest_route=\/wp\/v2\/posts\/12382","targetHints":{"allow":["GET"]}}],"collection":[{"href":"https:\/\/prefeitura.santarosa.rs.gov.br\/index.php?rest_route=\/wp\/v2\/posts"}],"about":[{"href":"https:\/\/prefeitura.santarosa.rs.gov.br\/index.php?rest_route=\/wp\/v2\/types\/post"}],"author":[{"embeddable":true,"href":"https:\/\/prefeitura.santarosa.rs.gov.br\/index.php?rest_route=\/wp\/v2\/users\/6"}],"replies":[{"embeddable":true,"href":"https:\/\/prefeitura.santarosa.rs.gov.br\/index.php?rest_route=%2Fwp%2Fv2%2Fcomments&post=12382"}],"version-history":[{"count":1,"href":"https:\/\/prefeitura.santarosa.rs.gov.br\/index.php?rest_route=\/wp\/v2\/posts\/12382\/revisions"}],"predecessor-version":[{"id":12385,"href":"https:\/\/prefeitura.santarosa.rs.gov.br\/index.php?rest_route=\/wp\/v2\/posts\/12382\/revisions\/12385"}],"wp:featuredmedia":[{"embeddable":true,"href":"https:\/\/prefeitura.santarosa.rs.gov.br\/index.php?rest_route=\/wp\/v2\/media\/12384"}],"wp:attachment":[{"href":"https:\/\/prefeitura.santarosa.rs.gov.br\/index.php?rest_route=%2Fwp%2Fv2%2Fmedia&parent=12382"}],"wp:term":[{"taxonomy":"category","embeddable":true,"href":"https:\/\/prefeitura.santarosa.rs.gov.br\/index.php?rest_route=%2Fwp%2Fv2%2Fcategories&post=12382"},{"taxonomy":"post_tag","embeddable":true,"href":"https:\/\/prefeitura.santarosa.rs.gov.br\/index.php?rest_route=%2Fwp%2Fv2%2Ftags&post=12382"}],"curies":[{"name":"wp","href":"https:\/\/api.w.org\/{rel}","templated":true}]}}