{"id":12373,"date":"2025-01-06T16:01:17","date_gmt":"2025-01-06T19:01:17","guid":{"rendered":"https:\/\/prefeitura.santarosa.rs.gov.br\/?p=12373"},"modified":"2025-01-06T16:01:17","modified_gmt":"2025-01-06T19:01:17","slug":"retrospectivas-2024-escolas-municipais-emei-amor-perfeito","status":"publish","type":"post","link":"https:\/\/prefeitura.santarosa.rs.gov.br\/?p=12373","title":{"rendered":"Retrospectivas 2024 Escolas Municipais: EMEI Amor Perfeito"},"content":{"rendered":"\n<figure class=\"wp-block-image size-full\"><img fetchpriority=\"high\" decoding=\"async\" width=\"860\" height=\"645\" src=\"https:\/\/prefeitura.santarosa.rs.gov.br\/wp-content\/uploads\/2025\/01\/Formato-Site-e-Portal-860X645-JPG-55.jpg\" alt=\"\" class=\"wp-image-12374\" srcset=\"https:\/\/prefeitura.santarosa.rs.gov.br\/wp-content\/uploads\/2025\/01\/Formato-Site-e-Portal-860X645-JPG-55.jpg 860w, https:\/\/prefeitura.santarosa.rs.gov.br\/wp-content\/uploads\/2025\/01\/Formato-Site-e-Portal-860X645-JPG-55-300x225.jpg 300w, https:\/\/prefeitura.santarosa.rs.gov.br\/wp-content\/uploads\/2025\/01\/Formato-Site-e-Portal-860X645-JPG-55-768x576.jpg 768w\" sizes=\"(max-width: 860px) 100vw, 860px\" \/><\/figure>\n\n\n\n<p>Entre as 20 Escolas de Educa\u00e7\u00e3o Infantil da Rede Municipal est\u00e1 a EMEI Amor Perfeito. Com atendimento para 180 alunos (98 meninos e 82 meninas) em 10 turmas de ber\u00e7\u00e1rio a pr\u00e9-escola, a institui\u00e7\u00e3o fica localizada na Vila Pereira. Um dos principais destaques de 2024, foi a inaugura\u00e7\u00e3o do novo pr\u00e9dio da escola com 1.510,23 m\u00b2 de \u00e1rea. Mais de R$ 6 milh\u00f5es de recursos pr\u00f3prios foram investidos no projeto.<\/p>\n\n\n\n<p>O local rec\u00e9m constru\u00eddo possibilitou a abertura de novas vagas para a educa\u00e7\u00e3o infantil. Com o novo pr\u00e9dio, o n\u00famero de turmas foi ampliado e mais de 100 novas vagas foram disponibilizadas. A Secret\u00e1ria de Educa\u00e7\u00e3o, Josyane Heck, ressaltou que o Governo Municipal tem realizado grandes investimentos na \u00e1rea da educa\u00e7\u00e3o, \u201cEstamos avan\u00e7ando nesta que \u00e9 uma \u00e1rea de extrema demanda, para oportunizar aos pais que precisam trabalhar e ter seus filhos na escola, o acesso ao ensino de qualidade, com seguran\u00e7a e infraestrutura\u201d.<\/p>\n\n\n\n<p>Outro grande destaque do ano que passou foi a inaugura\u00e7\u00e3o da nova biblioteca da EMEI. Pelo segundo ano consecutivo, a escola foi contemplada com o Fundo Social do Sicredi, que possibilitou a execu\u00e7\u00e3o do projeto \u201cBrincar + A\u00e7\u00e3o\u201d. A Diretora Viviane Hobus, destacou a import\u00e2ncia da educa\u00e7\u00e3o infantil na forma\u00e7\u00e3o do ser humano, \u201cA Educa\u00e7\u00e3o Infantil \u00e9 uma das fases mais importantes na vida de uma pessoa. Durante esses primeiros anos, as experi\u00eancias v\u00edvidas nessa fase t\u00eam um impacto profundo e duradouro na forma\u00e7\u00e3o das habilidades e capacidades da crian\u00e7a. Dessa forma, buscamos na pr\u00e1tica di\u00e1ria contemplar e proporcionar experi\u00eancias e viv\u00eancias significativas de aprendizagens. O ano de 2024 foi maravilhoso e temos certeza que 2025 ser\u00e1 ainda melhor\u201d.<\/p>\n\n\n\n<p>Para 2025, a equipe composta por 28 servidores, pretende implementar novos projetos, entre eles, o \u201cEscola Segura\u201d. O objetivo \u00e9 deixar o ambiente escolar ainda mais seguro, atrav\u00e9s da instala\u00e7\u00e3o de 16 pontos de c\u00e2meras de vigil\u00e2ncia. A EMEI Amor Perfeito possui 14 anos de cria\u00e7\u00e3o e est\u00e1 localizada na Rua Jos\u00e9 Maic\u00e1, n\u00b075, Vila Pereira, no bairro Cruzeiro.<\/p>\n","protected":false},"excerpt":{"rendered":"<p>Entre as 20 Escolas de Educa\u00e7\u00e3o Infantil da Rede Municipal est\u00e1 a EMEI Amor Perfeito. Com atendimento para 180 alunos<\/p>\n","protected":false},"author":6,"featured_media":12375,"comment_status":"closed","ping_status":"closed","sticky":false,"template":"","format":"standard","meta":{"footnotes":""},"categories":[4,18],"tags":[],"class_list":["post-12373","post","type-post","status-publish","format-standard","has-post-thumbnail","hentry","category-noticias","category-secretaria-municipal-de-educacao-e-cultura"],"aioseo_notices":[],"_links":{"self":[{"href":"https:\/\/prefeitura.santarosa.rs.gov.br\/index.php?rest_route=\/wp\/v2\/posts\/12373","targetHints":{"allow":["GET"]}}],"collection":[{"href":"https:\/\/prefeitura.santarosa.rs.gov.br\/index.php?rest_route=\/wp\/v2\/posts"}],"about":[{"href":"https:\/\/prefeitura.santarosa.rs.gov.br\/index.php?rest_route=\/wp\/v2\/types\/post"}],"author":[{"embeddable":true,"href":"https:\/\/prefeitura.santarosa.rs.gov.br\/index.php?rest_route=\/wp\/v2\/users\/6"}],"replies":[{"embeddable":true,"href":"https:\/\/prefeitura.santarosa.rs.gov.br\/index.php?rest_route=%2Fwp%2Fv2%2Fcomments&post=12373"}],"version-history":[{"count":1,"href":"https:\/\/prefeitura.santarosa.rs.gov.br\/index.php?rest_route=\/wp\/v2\/posts\/12373\/revisions"}],"predecessor-version":[{"id":12376,"href":"https:\/\/prefeitura.santarosa.rs.gov.br\/index.php?rest_route=\/wp\/v2\/posts\/12373\/revisions\/12376"}],"wp:featuredmedia":[{"embeddable":true,"href":"https:\/\/prefeitura.santarosa.rs.gov.br\/index.php?rest_route=\/wp\/v2\/media\/12375"}],"wp:attachment":[{"href":"https:\/\/prefeitura.santarosa.rs.gov.br\/index.php?rest_route=%2Fwp%2Fv2%2Fmedia&parent=12373"}],"wp:term":[{"taxonomy":"category","embeddable":true,"href":"https:\/\/prefeitura.santarosa.rs.gov.br\/index.php?rest_route=%2Fwp%2Fv2%2Fcategories&post=12373"},{"taxonomy":"post_tag","embeddable":true,"href":"https:\/\/prefeitura.santarosa.rs.gov.br\/index.php?rest_route=%2Fwp%2Fv2%2Ftags&post=12373"}],"curies":[{"name":"wp","href":"https:\/\/api.w.org\/{rel}","templated":true}]}}