{"id":12369,"date":"2025-01-06T15:57:47","date_gmt":"2025-01-06T18:57:47","guid":{"rendered":"https:\/\/prefeitura.santarosa.rs.gov.br\/?p=12369"},"modified":"2025-01-06T15:57:47","modified_gmt":"2025-01-06T18:57:47","slug":"ministro-augusto-nardes-realiza-palestra-sobre-gestao-em-santo-angelo","status":"publish","type":"post","link":"https:\/\/prefeitura.santarosa.rs.gov.br\/?p=12369","title":{"rendered":"Ministro Augusto Nardes realiza palestra sobre gest\u00e3o em Santo \u00c2ngelo"},"content":{"rendered":"\n<figure class=\"wp-block-image size-full\"><img fetchpriority=\"high\" decoding=\"async\" width=\"860\" height=\"645\" src=\"https:\/\/prefeitura.santarosa.rs.gov.br\/wp-content\/uploads\/2025\/01\/Formato-Site-e-Portal-860X645-JPG-54.jpg\" alt=\"\" class=\"wp-image-12370\" srcset=\"https:\/\/prefeitura.santarosa.rs.gov.br\/wp-content\/uploads\/2025\/01\/Formato-Site-e-Portal-860X645-JPG-54.jpg 860w, https:\/\/prefeitura.santarosa.rs.gov.br\/wp-content\/uploads\/2025\/01\/Formato-Site-e-Portal-860X645-JPG-54-300x225.jpg 300w, https:\/\/prefeitura.santarosa.rs.gov.br\/wp-content\/uploads\/2025\/01\/Formato-Site-e-Portal-860X645-JPG-54-768x576.jpg 768w\" sizes=\"(max-width: 860px) 100vw, 860px\" \/><\/figure>\n\n\n\n<p>O vice-prefeito Aldemir Ulrich representou Santa Rosa, na sexta-feira (03), em um evento promovido pela Associa\u00e7\u00e3o dos Munic\u00edpios das Miss\u00f5es. A atividade aconteceu em Santo \u00c2ngelo e contou com a presen\u00e7a de autoridades do Governo Federal, deputados federais e estaduais, al\u00e9m de gestores municipais da regi\u00e3o. Foi convidado para palestrar sobre: \u201cApresenta\u00e7\u00e3o de orienta\u00e7\u00f5es sobre o in\u00edcio de mandatos\u201d e \u201cA import\u00e2ncia da implanta\u00e7\u00e3o da governan\u00e7a e os dez passos para uma boa gest\u00e3o\u201d, o ministro do Tribunal de Contas da Uni\u00e3o (TCU), Jo\u00e3o Augusto Ribeiro Nardes.<\/p>\n\n\n\n<p>Durante sua fala, Nardes mencionou a boa gest\u00e3o de Santa Rosa e deu a oportunidade para o vice-prefeito Aldemir, falar um pouco sobre o trabalho desenvolvido no munic\u00edpio, \u201cNosso modelo de gest\u00e3o est\u00e1 sendo baseado na desburocratiza\u00e7\u00e3o, incorpora\u00e7\u00e3o de novas tecnologias \u2013 cidades inteligentes e no planejamento estrat\u00e9gico. Santa Rosa tem avan\u00e7ado em muitas \u00e1reas, com projetos voltados para o desenvolvimento do munic\u00edpio a curto e longo prazo\u201d, destacou Ulrich.<\/p>\n\n\n\n<p>Segundo o ministro Nardes, &#8220;A governan\u00e7a eficiente \u00e9 essencial para garantir transpar\u00eancia e resultados concretos nas administra\u00e7\u00f5es municipais&#8221;. A palestra abordou ainda os desafios enfrentados pelos gestores e as estrat\u00e9gias necess\u00e1rias para promover o desenvolvimento regional. Tamb\u00e9m participaram do encontro junto com o vice-prefeito Aldemir, os secret\u00e1rios: D\u00e9lcio Stefan (FUMSSAR), Ademir Rosa (Governan\u00e7a e Gest\u00e3o) e Maicon Zamboni (Administra\u00e7\u00e3o e Fazenda).<\/p>\n","protected":false},"excerpt":{"rendered":"<p>O vice-prefeito Aldemir Ulrich representou Santa Rosa, na sexta-feira (03), em um evento promovido pela Associa\u00e7\u00e3o dos Munic\u00edpios das Miss\u00f5es.<\/p>\n","protected":false},"author":6,"featured_media":12371,"comment_status":"closed","ping_status":"closed","sticky":false,"template":"","format":"standard","meta":{"footnotes":""},"categories":[4,9],"tags":[],"class_list":["post-12369","post","type-post","status-publish","format-standard","has-post-thumbnail","hentry","category-noticias","category-gabinete-do-vice-prefeito"],"aioseo_notices":[],"_links":{"self":[{"href":"https:\/\/prefeitura.santarosa.rs.gov.br\/index.php?rest_route=\/wp\/v2\/posts\/12369","targetHints":{"allow":["GET"]}}],"collection":[{"href":"https:\/\/prefeitura.santarosa.rs.gov.br\/index.php?rest_route=\/wp\/v2\/posts"}],"about":[{"href":"https:\/\/prefeitura.santarosa.rs.gov.br\/index.php?rest_route=\/wp\/v2\/types\/post"}],"author":[{"embeddable":true,"href":"https:\/\/prefeitura.santarosa.rs.gov.br\/index.php?rest_route=\/wp\/v2\/users\/6"}],"replies":[{"embeddable":true,"href":"https:\/\/prefeitura.santarosa.rs.gov.br\/index.php?rest_route=%2Fwp%2Fv2%2Fcomments&post=12369"}],"version-history":[{"count":1,"href":"https:\/\/prefeitura.santarosa.rs.gov.br\/index.php?rest_route=\/wp\/v2\/posts\/12369\/revisions"}],"predecessor-version":[{"id":12372,"href":"https:\/\/prefeitura.santarosa.rs.gov.br\/index.php?rest_route=\/wp\/v2\/posts\/12369\/revisions\/12372"}],"wp:featuredmedia":[{"embeddable":true,"href":"https:\/\/prefeitura.santarosa.rs.gov.br\/index.php?rest_route=\/wp\/v2\/media\/12371"}],"wp:attachment":[{"href":"https:\/\/prefeitura.santarosa.rs.gov.br\/index.php?rest_route=%2Fwp%2Fv2%2Fmedia&parent=12369"}],"wp:term":[{"taxonomy":"category","embeddable":true,"href":"https:\/\/prefeitura.santarosa.rs.gov.br\/index.php?rest_route=%2Fwp%2Fv2%2Fcategories&post=12369"},{"taxonomy":"post_tag","embeddable":true,"href":"https:\/\/prefeitura.santarosa.rs.gov.br\/index.php?rest_route=%2Fwp%2Fv2%2Ftags&post=12369"}],"curies":[{"name":"wp","href":"https:\/\/api.w.org\/{rel}","templated":true}]}}