{"id":12355,"date":"2025-01-06T08:37:33","date_gmt":"2025-01-06T11:37:33","guid":{"rendered":"https:\/\/prefeitura.santarosa.rs.gov.br\/?p=12355"},"modified":"2025-01-06T08:37:33","modified_gmt":"2025-01-06T11:37:33","slug":"retrospectivas-2024-escolas-municipais-emef-professor-francisco-xavier-giordani","status":"publish","type":"post","link":"https:\/\/prefeitura.santarosa.rs.gov.br\/?p=12355","title":{"rendered":"Retrospectivas 2024 Escolas Municipais: EMEF Professor Francisco Xavier Giordani"},"content":{"rendered":"\n<figure class=\"wp-block-image size-full\"><img fetchpriority=\"high\" decoding=\"async\" width=\"860\" height=\"645\" src=\"https:\/\/prefeitura.santarosa.rs.gov.br\/wp-content\/uploads\/2025\/01\/Formato-Site-e-Portal-860X645-JPG-51.jpg\" alt=\"\" class=\"wp-image-12356\" srcset=\"https:\/\/prefeitura.santarosa.rs.gov.br\/wp-content\/uploads\/2025\/01\/Formato-Site-e-Portal-860X645-JPG-51.jpg 860w, https:\/\/prefeitura.santarosa.rs.gov.br\/wp-content\/uploads\/2025\/01\/Formato-Site-e-Portal-860X645-JPG-51-300x225.jpg 300w, https:\/\/prefeitura.santarosa.rs.gov.br\/wp-content\/uploads\/2025\/01\/Formato-Site-e-Portal-860X645-JPG-51-768x576.jpg 768w\" sizes=\"(max-width: 860px) 100vw, 860px\" \/><\/figure>\n\n\n\n<p>A Escola Municipal de Ensino Fundamental Professor Francisco Xavier Giordani completou em 2024, 66 anos de hist\u00f3ria. Atualmente, a institui\u00e7\u00e3o atende 541 alunos (269 meninos e 261 meninas). A EMEF inaugurada em abril de 1958, conta com 22 turmas da pr\u00e9-escola ao 9\u00ba ano do ensino fundamental. No ano que passou, a escola foi mais uma vez destaque nas premia\u00e7\u00f5es esportivas e realizou diversas atividades diferenciadas.<\/p>\n\n\n\n<p>Simulado Interno Giordani (SIG), Monitorias entre os alunos da mesma s\u00e9rie e Recreio Orientado, foram alguns dos projetos realizados em 2024 na EMEF Giordani. Al\u00e9m destes, diversas outras a\u00e7\u00f5es pedag\u00f3gicas foram implementadas com os alunos. A Diretora M\u00e1rcia Roseli Becker, destaca os objetivos para o pr\u00f3ximo ano letivo, &#8220;Encerramos o ano com gratid\u00e3o pelo empenho de nossos alunos, a dedica\u00e7\u00e3o de nossos professores e o apoio constante das fam\u00edlias. Para o pr\u00f3ximo ano, nossas expectativas s\u00e3o ainda maiores, queremos fortalecer o aprendizado por meio de pr\u00e1ticas inovadoras, projetos desafiadores e um ambiente ainda mais inclusivo. Tendo como meta aumentar os \u00edndices das avalia\u00e7\u00f5es internas e externas. Acreditamos no potencial de cada estudante e estamos comprometidos em proporcionar uma educa\u00e7\u00e3o de qualidade\u201d.<\/p>\n\n\n\n<p>Os treinamentos esportivos s\u00e3o um dos maiores destaques da escola. A EMEF conquistou premia\u00e7\u00f5es em competi\u00e7\u00f5es municipais, estaduais e nacionais. O ano encerrou com os seguintes t\u00edtulos alcan\u00e7ados: Escola campe\u00e3 geral dos Jogos Estudantis; Escola campe\u00e3 das Olimp\u00edadas das Escolas Municipais; Escola campe\u00e3 geral dos Jogos Abertos da Crian\u00e7a; Campe\u00e3 JERGS handebol feminino; Vice-campe\u00e3 JERGS basquete feminino; Campe\u00e3 revezamento 5x80m feminino JERGS; Campe\u00e3 das provas 200m masculino, 2000m feminino e 800m feminino; Campe\u00e3 2000m JEBS e Vice-campe\u00e3 800m JEBS.<\/p>\n\n\n\n<p>A EMEF Professor Francisco Xavier Giordani conta com uma equipe de 50 servidores, sendo 32 professores. A escola fica localizada na Rua Benvindo Rotta Giordani, n\u00ba 1.655, no bairro Planalto.<\/p>\n","protected":false},"excerpt":{"rendered":"<p>A Escola Municipal de Ensino Fundamental Professor Francisco Xavier Giordani completou em 2024, 66 anos de hist\u00f3ria. Atualmente, a institui\u00e7\u00e3o<\/p>\n","protected":false},"author":6,"featured_media":12357,"comment_status":"closed","ping_status":"closed","sticky":false,"template":"","format":"standard","meta":{"footnotes":""},"categories":[4,18],"tags":[],"class_list":["post-12355","post","type-post","status-publish","format-standard","has-post-thumbnail","hentry","category-noticias","category-secretaria-municipal-de-educacao-e-cultura"],"aioseo_notices":[],"_links":{"self":[{"href":"https:\/\/prefeitura.santarosa.rs.gov.br\/index.php?rest_route=\/wp\/v2\/posts\/12355","targetHints":{"allow":["GET"]}}],"collection":[{"href":"https:\/\/prefeitura.santarosa.rs.gov.br\/index.php?rest_route=\/wp\/v2\/posts"}],"about":[{"href":"https:\/\/prefeitura.santarosa.rs.gov.br\/index.php?rest_route=\/wp\/v2\/types\/post"}],"author":[{"embeddable":true,"href":"https:\/\/prefeitura.santarosa.rs.gov.br\/index.php?rest_route=\/wp\/v2\/users\/6"}],"replies":[{"embeddable":true,"href":"https:\/\/prefeitura.santarosa.rs.gov.br\/index.php?rest_route=%2Fwp%2Fv2%2Fcomments&post=12355"}],"version-history":[{"count":1,"href":"https:\/\/prefeitura.santarosa.rs.gov.br\/index.php?rest_route=\/wp\/v2\/posts\/12355\/revisions"}],"predecessor-version":[{"id":12358,"href":"https:\/\/prefeitura.santarosa.rs.gov.br\/index.php?rest_route=\/wp\/v2\/posts\/12355\/revisions\/12358"}],"wp:featuredmedia":[{"embeddable":true,"href":"https:\/\/prefeitura.santarosa.rs.gov.br\/index.php?rest_route=\/wp\/v2\/media\/12357"}],"wp:attachment":[{"href":"https:\/\/prefeitura.santarosa.rs.gov.br\/index.php?rest_route=%2Fwp%2Fv2%2Fmedia&parent=12355"}],"wp:term":[{"taxonomy":"category","embeddable":true,"href":"https:\/\/prefeitura.santarosa.rs.gov.br\/index.php?rest_route=%2Fwp%2Fv2%2Fcategories&post=12355"},{"taxonomy":"post_tag","embeddable":true,"href":"https:\/\/prefeitura.santarosa.rs.gov.br\/index.php?rest_route=%2Fwp%2Fv2%2Ftags&post=12355"}],"curies":[{"name":"wp","href":"https:\/\/api.w.org\/{rel}","templated":true}]}}