{"id":12351,"date":"2025-01-03T16:17:43","date_gmt":"2025-01-03T19:17:43","guid":{"rendered":"https:\/\/prefeitura.santarosa.rs.gov.br\/?p=12351"},"modified":"2025-01-03T16:17:43","modified_gmt":"2025-01-03T19:17:43","slug":"retrospectivas-2024-escolas-municipais-emei-sao-francisco-de-assis","status":"publish","type":"post","link":"https:\/\/prefeitura.santarosa.rs.gov.br\/?p=12351","title":{"rendered":"Retrospectivas 2024 Escolas Municipais: EMEI S\u00e3o Francisco de Assis"},"content":{"rendered":"\n<figure class=\"wp-block-image size-full\"><img fetchpriority=\"high\" decoding=\"async\" width=\"860\" height=\"645\" src=\"https:\/\/prefeitura.santarosa.rs.gov.br\/wp-content\/uploads\/2025\/01\/Formato-Site-e-Portal-860X645-JPG-50.jpg\" alt=\"\" class=\"wp-image-12352\" srcset=\"https:\/\/prefeitura.santarosa.rs.gov.br\/wp-content\/uploads\/2025\/01\/Formato-Site-e-Portal-860X645-JPG-50.jpg 860w, https:\/\/prefeitura.santarosa.rs.gov.br\/wp-content\/uploads\/2025\/01\/Formato-Site-e-Portal-860X645-JPG-50-300x225.jpg 300w, https:\/\/prefeitura.santarosa.rs.gov.br\/wp-content\/uploads\/2025\/01\/Formato-Site-e-Portal-860X645-JPG-50-768x576.jpg 768w\" sizes=\"(max-width: 860px) 100vw, 860px\" \/><\/figure>\n\n\n\n<p>A Escola Municipal de Educa\u00e7\u00e3o Infantil S\u00e3o Francisco de Assis, localizada no Bairro S\u00e3o Francisco, celebrou em 2024 seu 13\u00ba anivers\u00e1rio. A escola atualmente atende 143 alunos, sendo 68 meninos e 75 meninas, distribu\u00eddos em 7 turmas de ber\u00e7\u00e1rio a pr\u00e9-escola. A EMEI realizou diversos projetos pedag\u00f3gicos no ano que passou, entre eles: Alimenta\u00e7\u00e3o Saud\u00e1vel; Cultura da Paz; Valoriza\u00e7\u00e3o das Culturas Africana, Ga\u00facha e Ind\u00edgena; Meio Ambiente; Folclore; Sa\u00fade em Dia (com \u00eanfase no combate \u00e0 Dengue, Sa\u00fade Bucal, Vacina\u00e7\u00e3o e Vis\u00e3o) e Combate ao Abuso e Explora\u00e7\u00e3o Sexual Infantil.<\/p>\n\n\n\n<p>Em 2024, a EMEI continuou com o Projeto &#8220;Leitura na Constru\u00e7\u00e3o do Saber&#8221;, iniciado com recursos do Fundo Social do Sicredi em 2022. Al\u00e9m disso, a escola foi contemplada com o projeto \u201cCrian\u00e7a Feliz, Educa\u00e7\u00e3o Infantil de Qualidade\u201d com um aporte da Justi\u00e7a Federal no valor de R$ 68.517,00. Com esse recurso, a EMEI adquiriu diversos equipamentos que v\u00e3o beneficiar tanto os alunos quanto os educadores, como frigobares, fog\u00f5es industriais, geladeiras, climatizadores, bebedouros, micro-ondas, playground e outros utens\u00edlios que ajudam a melhorar a infraestrutura da escola e garantir maior conforto \u00e0 comunidade escolar.<\/p>\n\n\n\n<p>Em 2025, a equipe da EMEI se prepara para mudar para um novo espa\u00e7o f\u00edsico, com infraestrutura renovada para comportar 10 turmas. Al\u00e9m disso, a EMEI ir\u00e1 continuar a desenvolver os projetos pedag\u00f3gicos que buscam a qualifica\u00e7\u00e3o das pr\u00e1ticas de ensino na Educa\u00e7\u00e3o Infantil, sempre baseados na intera\u00e7\u00e3o, no brincar e no cuidar, como preconiza a Base Nacional Comum Curricular (BNCC), o Referencial Curricular Ga\u00facho e o Documento Orientador Curricular do Territ\u00f3rio Municipal de Santa Rosa &#8211; RS. A Diretora Ivete Correa, destaca os objetivos para o pr\u00f3ximo ano letivo, \u201cTeremos um come\u00e7o festivo nas novas depend\u00eancias da escola, dando sequ\u00eancia ao trabalho que vem sendo realizado com foco em uma forma\u00e7\u00e3o pedag\u00f3gica de excel\u00eancia\u201d.<\/p>\n\n\n\n<p>A EMEI S\u00e3o Francisco de Assis conta com uma equipe composta por 21 servidores, entre eles, 1 diretora, 1 coordenadora pedag\u00f3gica, 3 professores de educa\u00e7\u00e3o infantil, 12 monitores e 4 agentes de servi\u00e7os gerais.<\/p>\n","protected":false},"excerpt":{"rendered":"<p>A Escola Municipal de Educa\u00e7\u00e3o Infantil S\u00e3o Francisco de Assis, localizada no Bairro S\u00e3o Francisco, celebrou em 2024 seu 13\u00ba<\/p>\n","protected":false},"author":6,"featured_media":12353,"comment_status":"closed","ping_status":"closed","sticky":false,"template":"","format":"standard","meta":{"footnotes":""},"categories":[4,18],"tags":[],"class_list":["post-12351","post","type-post","status-publish","format-standard","has-post-thumbnail","hentry","category-noticias","category-secretaria-municipal-de-educacao-e-cultura"],"aioseo_notices":[],"_links":{"self":[{"href":"https:\/\/prefeitura.santarosa.rs.gov.br\/index.php?rest_route=\/wp\/v2\/posts\/12351","targetHints":{"allow":["GET"]}}],"collection":[{"href":"https:\/\/prefeitura.santarosa.rs.gov.br\/index.php?rest_route=\/wp\/v2\/posts"}],"about":[{"href":"https:\/\/prefeitura.santarosa.rs.gov.br\/index.php?rest_route=\/wp\/v2\/types\/post"}],"author":[{"embeddable":true,"href":"https:\/\/prefeitura.santarosa.rs.gov.br\/index.php?rest_route=\/wp\/v2\/users\/6"}],"replies":[{"embeddable":true,"href":"https:\/\/prefeitura.santarosa.rs.gov.br\/index.php?rest_route=%2Fwp%2Fv2%2Fcomments&post=12351"}],"version-history":[{"count":1,"href":"https:\/\/prefeitura.santarosa.rs.gov.br\/index.php?rest_route=\/wp\/v2\/posts\/12351\/revisions"}],"predecessor-version":[{"id":12354,"href":"https:\/\/prefeitura.santarosa.rs.gov.br\/index.php?rest_route=\/wp\/v2\/posts\/12351\/revisions\/12354"}],"wp:featuredmedia":[{"embeddable":true,"href":"https:\/\/prefeitura.santarosa.rs.gov.br\/index.php?rest_route=\/wp\/v2\/media\/12353"}],"wp:attachment":[{"href":"https:\/\/prefeitura.santarosa.rs.gov.br\/index.php?rest_route=%2Fwp%2Fv2%2Fmedia&parent=12351"}],"wp:term":[{"taxonomy":"category","embeddable":true,"href":"https:\/\/prefeitura.santarosa.rs.gov.br\/index.php?rest_route=%2Fwp%2Fv2%2Fcategories&post=12351"},{"taxonomy":"post_tag","embeddable":true,"href":"https:\/\/prefeitura.santarosa.rs.gov.br\/index.php?rest_route=%2Fwp%2Fv2%2Ftags&post=12351"}],"curies":[{"name":"wp","href":"https:\/\/api.w.org\/{rel}","templated":true}]}}