{"id":12347,"date":"2025-01-03T16:13:10","date_gmt":"2025-01-03T19:13:10","guid":{"rendered":"https:\/\/prefeitura.santarosa.rs.gov.br\/?p=12347"},"modified":"2025-01-03T16:13:10","modified_gmt":"2025-01-03T19:13:10","slug":"retrospectivas-2024-secretarias-mobilidade-urbana","status":"publish","type":"post","link":"https:\/\/prefeitura.santarosa.rs.gov.br\/?p=12347","title":{"rendered":"Retrospectivas 2024 Secretarias: Mobilidade Urbana"},"content":{"rendered":"\n<figure class=\"wp-block-image size-full\"><img fetchpriority=\"high\" decoding=\"async\" width=\"860\" height=\"645\" src=\"https:\/\/prefeitura.santarosa.rs.gov.br\/wp-content\/uploads\/2025\/01\/Formato-Site-e-Portal-860X645-JPG-49.jpg\" alt=\"\" class=\"wp-image-12348\" srcset=\"https:\/\/prefeitura.santarosa.rs.gov.br\/wp-content\/uploads\/2025\/01\/Formato-Site-e-Portal-860X645-JPG-49.jpg 860w, https:\/\/prefeitura.santarosa.rs.gov.br\/wp-content\/uploads\/2025\/01\/Formato-Site-e-Portal-860X645-JPG-49-300x225.jpg 300w, https:\/\/prefeitura.santarosa.rs.gov.br\/wp-content\/uploads\/2025\/01\/Formato-Site-e-Portal-860X645-JPG-49-768x576.jpg 768w\" sizes=\"(max-width: 860px) 100vw, 860px\" \/><\/figure>\n\n\n\n<p>O ano de 2024 foi marcado por a\u00e7\u00f5es importantes na Secretaria de Mobilidade Urbana. Um dos destaques do trabalho realizado foi a recente publica\u00e7\u00e3o do Decreto n\u00ba 214, onde ap\u00f3s um ano inteiro de estudos e relat\u00f3rios houve a aprova\u00e7\u00e3o do Plano Diretor de Mobilidade Urbana de Santa Rosa. Entre os projetos realizados durante o ano, est\u00e1 a implementa\u00e7\u00e3o da ciclovia interna do Tape Por\u00e3.<\/p>\n\n\n\n<p>O Plano de Mobilidade Urbana ser\u00e1 um guia para as principais mudan\u00e7as que ir\u00e3o ocorrer no tr\u00e2nsito de Santa Rosa. Em breve, ser\u00e1 publicado o edital para contrata\u00e7\u00e3o da empresa que ir\u00e1 realizar as obras no primeiro trecho da Avenida Expedicion\u00e1rio Weber. O Secret\u00e1rio Mario Darci Parahyba, destaca que este foi um grande marco no Governo, pois a partir destes estudos, foram elaborados projetos de execu\u00e7\u00e3o dos principais pontos de conflitos apontados no Plano, \u201cEstes avan\u00e7os e altera\u00e7\u00f5es nas vias p\u00fablicas marcam uma nova etapa no munic\u00edpio, pois ir\u00e3o garantir uma melhor mobilidade urbana aos cidad\u00e3os santa-rosenses, garantindo mais seguran\u00e7a, infraestrutura e o direito de todos de ir e vir\u201d.<\/p>\n\n\n\n<p>No in\u00edcio de 2024, a Secretaria de Mobilidade Urbana passou a ser novamente respons\u00e1vel pela equipe de Sinaliza\u00e7\u00e3o Vi\u00e1ria. Centenas de servi\u00e7os foram executados nas vias p\u00fablicas, como: pinturas de vagas de estacionamento, pinturas de faixas de travessia de pedestres, pinturas de ondula\u00e7\u00f5es transversais (quebra-molas), pinturas de centro de pista, renova\u00e7\u00e3o de in\u00fameras placas de sinaliza\u00e7\u00e3o de tr\u00e2nsito e indica\u00e7\u00e3o de vias p\u00fablicas, entre outras sinaliza\u00e7\u00f5es. Outro ponto importante foi a assinatura do contrato com a empresa vencedora do processo licitat\u00f3rio para a amplia\u00e7\u00e3o do Aeroporto Municipal Lu\u00eds Alberto Lehr. O Aeroporto \u00e9 mais uma das \u00e1reas de responsabilidade da secretaria, a qual diariamente realiza os servi\u00e7os de manuten\u00e7\u00e3o para que possa estar apto a receber os voos dom\u00e9sticos, de emerg\u00eancias (transporte de pacientes), de aprendizagem entre outros voos.<\/p>\n\n\n\n<p>Quanto \u00e0s estat\u00edsticas, no decorrer de 2024, houve uma pequena queda no \u00edndice de acidentes de tr\u00e2nsito. Foram registradas no per\u00edodo de janeiro a novembro, 557 ocorr\u00eancias atendidas por equipes da Brigada Militar. A queda das ocorr\u00eancias de tr\u00e2nsito tamb\u00e9m \u00e9 reflexo de melhorias em equipamentos e materiais de Educa\u00e7\u00e3o no Tr\u00e2nsito. Durante o ano, foram realizadas a\u00e7\u00f5es de conscientiza\u00e7\u00e3o com a entrega de folders para a popula\u00e7\u00e3o. Tamb\u00e9m foram adquiridos triciclos e bicicletas para uso com a Escolinha de Tr\u00e2nsito em atividades com crian\u00e7as e adolescentes.<\/p>\n\n\n\n<p>Para 2025, o Secret\u00e1rio Gilberto Kr\u00fcger, que acaba de assumir a pasta, destaca dois grandes projetos que est\u00e3o em fase final de elabora\u00e7\u00e3o dos documentos. Ser\u00e1 instalado em Santa Rosa, um novo conjunto semaf\u00f3rico no cruzamento da Avenida Tuparendi com a Rua Nolar Kruel. A outra novidade, ser\u00e1 a instala\u00e7\u00e3o de novos equipamentos de videomonitoramento e cercamento eletr\u00f4nico, mais modernos e em quantidades e localiza\u00e7\u00f5es especificas, conforme estudos e apontamentos realizados em parceria com o comando do 4\u00ba BPAF.<\/p>\n","protected":false},"excerpt":{"rendered":"<p>O ano de 2024 foi marcado por a\u00e7\u00f5es importantes na Secretaria de Mobilidade Urbana. Um dos destaques do trabalho realizado<\/p>\n","protected":false},"author":6,"featured_media":12349,"comment_status":"closed","ping_status":"closed","sticky":false,"template":"","format":"standard","meta":{"footnotes":""},"categories":[4,27],"tags":[],"class_list":["post-12347","post","type-post","status-publish","format-standard","has-post-thumbnail","hentry","category-noticias","category-secretaria-municipal-de-mobilidade-urbana"],"aioseo_notices":[],"_links":{"self":[{"href":"https:\/\/prefeitura.santarosa.rs.gov.br\/index.php?rest_route=\/wp\/v2\/posts\/12347","targetHints":{"allow":["GET"]}}],"collection":[{"href":"https:\/\/prefeitura.santarosa.rs.gov.br\/index.php?rest_route=\/wp\/v2\/posts"}],"about":[{"href":"https:\/\/prefeitura.santarosa.rs.gov.br\/index.php?rest_route=\/wp\/v2\/types\/post"}],"author":[{"embeddable":true,"href":"https:\/\/prefeitura.santarosa.rs.gov.br\/index.php?rest_route=\/wp\/v2\/users\/6"}],"replies":[{"embeddable":true,"href":"https:\/\/prefeitura.santarosa.rs.gov.br\/index.php?rest_route=%2Fwp%2Fv2%2Fcomments&post=12347"}],"version-history":[{"count":1,"href":"https:\/\/prefeitura.santarosa.rs.gov.br\/index.php?rest_route=\/wp\/v2\/posts\/12347\/revisions"}],"predecessor-version":[{"id":12350,"href":"https:\/\/prefeitura.santarosa.rs.gov.br\/index.php?rest_route=\/wp\/v2\/posts\/12347\/revisions\/12350"}],"wp:featuredmedia":[{"embeddable":true,"href":"https:\/\/prefeitura.santarosa.rs.gov.br\/index.php?rest_route=\/wp\/v2\/media\/12349"}],"wp:attachment":[{"href":"https:\/\/prefeitura.santarosa.rs.gov.br\/index.php?rest_route=%2Fwp%2Fv2%2Fmedia&parent=12347"}],"wp:term":[{"taxonomy":"category","embeddable":true,"href":"https:\/\/prefeitura.santarosa.rs.gov.br\/index.php?rest_route=%2Fwp%2Fv2%2Fcategories&post=12347"},{"taxonomy":"post_tag","embeddable":true,"href":"https:\/\/prefeitura.santarosa.rs.gov.br\/index.php?rest_route=%2Fwp%2Fv2%2Ftags&post=12347"}],"curies":[{"name":"wp","href":"https:\/\/api.w.org\/{rel}","templated":true}]}}