{"id":12342,"date":"2025-01-03T16:06:18","date_gmt":"2025-01-03T19:06:18","guid":{"rendered":"https:\/\/prefeitura.santarosa.rs.gov.br\/?p=12342"},"modified":"2025-01-03T16:06:18","modified_gmt":"2025-01-03T19:06:18","slug":"valtair-dorneles-assume-a-secretaria-de-obras","status":"publish","type":"post","link":"https:\/\/prefeitura.santarosa.rs.gov.br\/?p=12342","title":{"rendered":"Valtair Dorneles assume a Secretaria de Obras"},"content":{"rendered":"\n<figure class=\"wp-block-image size-full\"><img fetchpriority=\"high\" decoding=\"async\" width=\"860\" height=\"645\" src=\"https:\/\/prefeitura.santarosa.rs.gov.br\/wp-content\/uploads\/2025\/01\/Formato-Site-e-Portal-860X645-JPG-48.jpg\" alt=\"\" class=\"wp-image-12343\" srcset=\"https:\/\/prefeitura.santarosa.rs.gov.br\/wp-content\/uploads\/2025\/01\/Formato-Site-e-Portal-860X645-JPG-48.jpg 860w, https:\/\/prefeitura.santarosa.rs.gov.br\/wp-content\/uploads\/2025\/01\/Formato-Site-e-Portal-860X645-JPG-48-300x225.jpg 300w, https:\/\/prefeitura.santarosa.rs.gov.br\/wp-content\/uploads\/2025\/01\/Formato-Site-e-Portal-860X645-JPG-48-768x576.jpg 768w\" sizes=\"(max-width: 860px) 100vw, 860px\" \/><\/figure>\n\n\n\n<p>Nesta quinta-feira (02), assumiu como novo Secret\u00e1rio de Obras de Santa Rosa, Valtair Dornelles. Com mais de tr\u00eas d\u00e9cadas de servi\u00e7o na Brigada Militar, o Tenente-Coronel Valtair foi comandante da Brigada Militar e possui vasta experi\u00eancia em gest\u00e3o de pessoas. O primeiro encontro com os servidores da pasta ocorreu com a presen\u00e7a do vice-prefeito Aldemir Ulrich. Valtair conheceu toda a estrutura da secretaria e conversou com a equipe.<\/p>\n\n\n\n<p>Durante a apresenta\u00e7\u00e3o do novo secret\u00e1rio, ele destacou que assumiu o desafio de estar \u00e0 frente da Secretaria de Obras, com o objetivo de trazer melhorias para o servi\u00e7o, agilizar processos e atender \u00e0s demandas da comunidade, \u201cConfio e admiro o trabalho que o Anderson e o Taquari realizaram e meu compromisso \u00e9 somar nessa gest\u00e3o. Temos muito para avan\u00e7ar e com dedica\u00e7\u00e3o e esfor\u00e7o vamos conseguir implementar a\u00e7\u00f5es que tragam ainda mais resolutividade para as demandas da popula\u00e7\u00e3o\u201d, destacou Dornelles.<\/p>\n\n\n\n<p>O secret\u00e1rio tamb\u00e9m ressaltou que ir\u00e1 organizar uma for\u00e7a-tarefa com as equipes para atender as demandas mais urgentes no momento, como a manuten\u00e7\u00e3o dos cemit\u00e9rios e dos espa\u00e7os p\u00fablicos do munic\u00edpio, entre eles, ser\u00e3o priorizados os servi\u00e7os no Parque de Exposi\u00e7\u00f5es Alfredo Leandro Carlson, para liberar, o quanto antes, o acesso para a popula\u00e7\u00e3o. Al\u00e9m disso, Valtair afirmou que a partir desta semana, ir\u00e1 se reunir com a Secretaria de Governan\u00e7a e Gest\u00e3o para alinhar as metas do Planejamento Estrat\u00e9gico e iniciar a execu\u00e7\u00e3o das a\u00e7\u00f5es estipuladas.<\/p>\n","protected":false},"excerpt":{"rendered":"<p>Nesta quinta-feira (02), assumiu como novo Secret\u00e1rio de Obras de Santa Rosa, Valtair Dornelles. Com mais de tr\u00eas d\u00e9cadas de<\/p>\n","protected":false},"author":6,"featured_media":12344,"comment_status":"closed","ping_status":"closed","sticky":false,"template":"","format":"standard","meta":{"footnotes":""},"categories":[4,21],"tags":[],"class_list":["post-12342","post","type-post","status-publish","format-standard","has-post-thumbnail","hentry","category-noticias","category-secretaria-municipal-de-obras"],"aioseo_notices":[],"_links":{"self":[{"href":"https:\/\/prefeitura.santarosa.rs.gov.br\/index.php?rest_route=\/wp\/v2\/posts\/12342","targetHints":{"allow":["GET"]}}],"collection":[{"href":"https:\/\/prefeitura.santarosa.rs.gov.br\/index.php?rest_route=\/wp\/v2\/posts"}],"about":[{"href":"https:\/\/prefeitura.santarosa.rs.gov.br\/index.php?rest_route=\/wp\/v2\/types\/post"}],"author":[{"embeddable":true,"href":"https:\/\/prefeitura.santarosa.rs.gov.br\/index.php?rest_route=\/wp\/v2\/users\/6"}],"replies":[{"embeddable":true,"href":"https:\/\/prefeitura.santarosa.rs.gov.br\/index.php?rest_route=%2Fwp%2Fv2%2Fcomments&post=12342"}],"version-history":[{"count":1,"href":"https:\/\/prefeitura.santarosa.rs.gov.br\/index.php?rest_route=\/wp\/v2\/posts\/12342\/revisions"}],"predecessor-version":[{"id":12345,"href":"https:\/\/prefeitura.santarosa.rs.gov.br\/index.php?rest_route=\/wp\/v2\/posts\/12342\/revisions\/12345"}],"wp:featuredmedia":[{"embeddable":true,"href":"https:\/\/prefeitura.santarosa.rs.gov.br\/index.php?rest_route=\/wp\/v2\/media\/12344"}],"wp:attachment":[{"href":"https:\/\/prefeitura.santarosa.rs.gov.br\/index.php?rest_route=%2Fwp%2Fv2%2Fmedia&parent=12342"}],"wp:term":[{"taxonomy":"category","embeddable":true,"href":"https:\/\/prefeitura.santarosa.rs.gov.br\/index.php?rest_route=%2Fwp%2Fv2%2Fcategories&post=12342"},{"taxonomy":"post_tag","embeddable":true,"href":"https:\/\/prefeitura.santarosa.rs.gov.br\/index.php?rest_route=%2Fwp%2Fv2%2Ftags&post=12342"}],"curies":[{"name":"wp","href":"https:\/\/api.w.org\/{rel}","templated":true}]}}