{"id":12330,"date":"2025-01-02T16:47:04","date_gmt":"2025-01-02T19:47:04","guid":{"rendered":"https:\/\/prefeitura.santarosa.rs.gov.br\/?p=12330"},"modified":"2025-01-02T16:47:05","modified_gmt":"2025-01-02T19:47:05","slug":"prefeito-nomeia-novo-subprefeito-da-vila-sete-de-setembro","status":"publish","type":"post","link":"https:\/\/prefeitura.santarosa.rs.gov.br\/?p=12330","title":{"rendered":"Prefeito nomeia novo subprefeito da Vila Sete de Setembro"},"content":{"rendered":"\n<figure class=\"wp-block-image size-full\"><img fetchpriority=\"high\" decoding=\"async\" width=\"860\" height=\"645\" src=\"https:\/\/prefeitura.santarosa.rs.gov.br\/wp-content\/uploads\/2025\/01\/Formato-Site-e-Portal-860X645-JPG-45.jpg\" alt=\"\" class=\"wp-image-12331\" srcset=\"https:\/\/prefeitura.santarosa.rs.gov.br\/wp-content\/uploads\/2025\/01\/Formato-Site-e-Portal-860X645-JPG-45.jpg 860w, https:\/\/prefeitura.santarosa.rs.gov.br\/wp-content\/uploads\/2025\/01\/Formato-Site-e-Portal-860X645-JPG-45-300x225.jpg 300w, https:\/\/prefeitura.santarosa.rs.gov.br\/wp-content\/uploads\/2025\/01\/Formato-Site-e-Portal-860X645-JPG-45-768x576.jpg 768w\" sizes=\"(max-width: 860px) 100vw, 860px\" \/><\/figure>\n\n\n\n<p>O prefeito Anderson Mantei nomeou na tarde desta quinta-feira (02), o novo subprefeito da Vila Sete de Setembro. Oldemar Valter Petry foi o escolhido para assumir o cargo. Oldemar foi servidor de carreira por 25 anos, estava aposentado e de maio a dezembro de 2024, atuou como Coordenador de Estradas na Secretaria de Agricultura.<\/p>\n\n\n\n<p>O novo subprefeito da Vila Sete de Setembro agradeceu ao prefeito pela confian\u00e7a e a oportunidade, \u201cMe sinto muito honrado com este convite. Ser nomeado subprefeito da Vila Sete para mim \u00e9 um orgulho e vou fazer de tudo para desempenhar bem este papel e auxiliar a popula\u00e7\u00e3o nas demandas que surgirem\u201d.<\/p>\n\n\n\n<p>A subprefeitura responde a cerca de 30% da \u00e1rea do interior de Santa Rosa. Ao todo mais de 350 propriedades est\u00e3o localizadas nesta regi\u00e3o.<\/p>\n","protected":false},"excerpt":{"rendered":"<p>O prefeito Anderson Mantei nomeou na tarde desta quinta-feira (02), o novo subprefeito da Vila Sete de Setembro. Oldemar Valter<\/p>\n","protected":false},"author":6,"featured_media":12332,"comment_status":"closed","ping_status":"closed","sticky":false,"template":"","format":"standard","meta":{"footnotes":""},"categories":[4,3],"tags":[],"class_list":["post-12330","post","type-post","status-publish","format-standard","has-post-thumbnail","hentry","category-noticias","category-gabinete-do-prefeito"],"aioseo_notices":[],"_links":{"self":[{"href":"https:\/\/prefeitura.santarosa.rs.gov.br\/index.php?rest_route=\/wp\/v2\/posts\/12330","targetHints":{"allow":["GET"]}}],"collection":[{"href":"https:\/\/prefeitura.santarosa.rs.gov.br\/index.php?rest_route=\/wp\/v2\/posts"}],"about":[{"href":"https:\/\/prefeitura.santarosa.rs.gov.br\/index.php?rest_route=\/wp\/v2\/types\/post"}],"author":[{"embeddable":true,"href":"https:\/\/prefeitura.santarosa.rs.gov.br\/index.php?rest_route=\/wp\/v2\/users\/6"}],"replies":[{"embeddable":true,"href":"https:\/\/prefeitura.santarosa.rs.gov.br\/index.php?rest_route=%2Fwp%2Fv2%2Fcomments&post=12330"}],"version-history":[{"count":1,"href":"https:\/\/prefeitura.santarosa.rs.gov.br\/index.php?rest_route=\/wp\/v2\/posts\/12330\/revisions"}],"predecessor-version":[{"id":12333,"href":"https:\/\/prefeitura.santarosa.rs.gov.br\/index.php?rest_route=\/wp\/v2\/posts\/12330\/revisions\/12333"}],"wp:featuredmedia":[{"embeddable":true,"href":"https:\/\/prefeitura.santarosa.rs.gov.br\/index.php?rest_route=\/wp\/v2\/media\/12332"}],"wp:attachment":[{"href":"https:\/\/prefeitura.santarosa.rs.gov.br\/index.php?rest_route=%2Fwp%2Fv2%2Fmedia&parent=12330"}],"wp:term":[{"taxonomy":"category","embeddable":true,"href":"https:\/\/prefeitura.santarosa.rs.gov.br\/index.php?rest_route=%2Fwp%2Fv2%2Fcategories&post=12330"},{"taxonomy":"post_tag","embeddable":true,"href":"https:\/\/prefeitura.santarosa.rs.gov.br\/index.php?rest_route=%2Fwp%2Fv2%2Ftags&post=12330"}],"curies":[{"name":"wp","href":"https:\/\/api.w.org\/{rel}","templated":true}]}}