{"id":12317,"date":"2025-01-02T14:40:50","date_gmt":"2025-01-02T17:40:50","guid":{"rendered":"https:\/\/prefeitura.santarosa.rs.gov.br\/?p=12317"},"modified":"2025-01-02T14:40:51","modified_gmt":"2025-01-02T17:40:51","slug":"retrospectiva-2024-secretaria-de-obras","status":"publish","type":"post","link":"https:\/\/prefeitura.santarosa.rs.gov.br\/?p=12317","title":{"rendered":"Retrospectiva 2024: Secretaria de Obras"},"content":{"rendered":"\n<figure class=\"wp-block-image size-full\"><img fetchpriority=\"high\" decoding=\"async\" width=\"860\" height=\"645\" src=\"https:\/\/prefeitura.santarosa.rs.gov.br\/wp-content\/uploads\/2025\/01\/Formato-Site-e-Portal-860X645-JPG-42.jpg\" alt=\"\" class=\"wp-image-12318\" srcset=\"https:\/\/prefeitura.santarosa.rs.gov.br\/wp-content\/uploads\/2025\/01\/Formato-Site-e-Portal-860X645-JPG-42.jpg 860w, https:\/\/prefeitura.santarosa.rs.gov.br\/wp-content\/uploads\/2025\/01\/Formato-Site-e-Portal-860X645-JPG-42-300x225.jpg 300w, https:\/\/prefeitura.santarosa.rs.gov.br\/wp-content\/uploads\/2025\/01\/Formato-Site-e-Portal-860X645-JPG-42-768x576.jpg 768w\" sizes=\"(max-width: 860px) 100vw, 860px\" \/><\/figure>\n\n\n\n<p>O ano que passou foi de muitas atividades e servi\u00e7os na Secretaria de Obras. A equipe que conta com cerca de 70 servidores realizou diversas a\u00e7\u00f5es de manuten\u00e7\u00e3o, consertos, zeladoria, pintura, obras pluviais, cascalhamento, patrolamento e tapa-buracos. Al\u00e9m disso, a secretaria tamb\u00e9m \u00e9 respons\u00e1vel pelo recolhimento de lixo no interior, conserva\u00e7\u00e3o e manuten\u00e7\u00e3o das pra\u00e7as da cidade, do Parque de Exposi\u00e7\u00f5es e dos cemit\u00e9rios.<\/p>\n\n\n\n<p>Um dos destaques de 2024, foi a prepara\u00e7\u00e3o do Parque de Exposi\u00e7\u00f5es Alfredo Leandro Carlson para a realiza\u00e7\u00e3o da 24\u00aa Feira Nacional da Soja (Fenasoja). Os servidores da Secretaria de Obras ficaram respons\u00e1veis pela organiza\u00e7\u00e3o do local. Todas as estruturas foram montadas em maio, por\u00e9m com as fortes chuvas que atingiram o Rio Grande Sul, foi necess\u00e1rio adiar o evento. Novamente, as equipes organizaram o parque para a feira ocorrer em dezembro, a qual foi um sucesso. Segundo o Secret\u00e1rio de Obras, Alexandre Barbosa, importantes a\u00e7\u00f5es foram executadas ao longo do ano, \u201cTrabalhamos com planejamento e buscamos atender o m\u00e1ximo de comunidades e localidades poss\u00edvel. Tivemos a enchente de maio que mostrou a for\u00e7a da Secretaria de Obras. Toda a nossa equipe estava empenhada em dar suporte \u00e0 comunidade, unidos em uma for\u00e7a-tarefa para a limpeza da cidade\u201d.<\/p>\n\n\n\n<p>Al\u00e9m de todos os servi\u00e7os de manuten\u00e7\u00e3o e preserva\u00e7\u00e3o dos espa\u00e7os p\u00fablicos, a Secretaria de Obras tamb\u00e9m auxilia as demais secretarias nas demandas necess\u00e1rias do dia a dia.<\/p>\n","protected":false},"excerpt":{"rendered":"<p>O ano que passou foi de muitas atividades e servi\u00e7os na Secretaria de Obras. A equipe que conta com cerca<\/p>\n","protected":false},"author":6,"featured_media":12319,"comment_status":"closed","ping_status":"closed","sticky":false,"template":"","format":"standard","meta":{"footnotes":""},"categories":[4,21],"tags":[],"class_list":["post-12317","post","type-post","status-publish","format-standard","has-post-thumbnail","hentry","category-noticias","category-secretaria-municipal-de-obras"],"aioseo_notices":[],"_links":{"self":[{"href":"https:\/\/prefeitura.santarosa.rs.gov.br\/index.php?rest_route=\/wp\/v2\/posts\/12317","targetHints":{"allow":["GET"]}}],"collection":[{"href":"https:\/\/prefeitura.santarosa.rs.gov.br\/index.php?rest_route=\/wp\/v2\/posts"}],"about":[{"href":"https:\/\/prefeitura.santarosa.rs.gov.br\/index.php?rest_route=\/wp\/v2\/types\/post"}],"author":[{"embeddable":true,"href":"https:\/\/prefeitura.santarosa.rs.gov.br\/index.php?rest_route=\/wp\/v2\/users\/6"}],"replies":[{"embeddable":true,"href":"https:\/\/prefeitura.santarosa.rs.gov.br\/index.php?rest_route=%2Fwp%2Fv2%2Fcomments&post=12317"}],"version-history":[{"count":1,"href":"https:\/\/prefeitura.santarosa.rs.gov.br\/index.php?rest_route=\/wp\/v2\/posts\/12317\/revisions"}],"predecessor-version":[{"id":12320,"href":"https:\/\/prefeitura.santarosa.rs.gov.br\/index.php?rest_route=\/wp\/v2\/posts\/12317\/revisions\/12320"}],"wp:featuredmedia":[{"embeddable":true,"href":"https:\/\/prefeitura.santarosa.rs.gov.br\/index.php?rest_route=\/wp\/v2\/media\/12319"}],"wp:attachment":[{"href":"https:\/\/prefeitura.santarosa.rs.gov.br\/index.php?rest_route=%2Fwp%2Fv2%2Fmedia&parent=12317"}],"wp:term":[{"taxonomy":"category","embeddable":true,"href":"https:\/\/prefeitura.santarosa.rs.gov.br\/index.php?rest_route=%2Fwp%2Fv2%2Fcategories&post=12317"},{"taxonomy":"post_tag","embeddable":true,"href":"https:\/\/prefeitura.santarosa.rs.gov.br\/index.php?rest_route=%2Fwp%2Fv2%2Ftags&post=12317"}],"curies":[{"name":"wp","href":"https:\/\/api.w.org\/{rel}","templated":true}]}}