{"id":12312,"date":"2025-01-02T11:31:19","date_gmt":"2025-01-02T14:31:19","guid":{"rendered":"https:\/\/prefeitura.santarosa.rs.gov.br\/?p=12312"},"modified":"2025-01-02T11:31:19","modified_gmt":"2025-01-02T14:31:19","slug":"prefeito-realiza-primeira-reuniao-do-ano-e-da-posse-aos-secretarios","status":"publish","type":"post","link":"https:\/\/prefeitura.santarosa.rs.gov.br\/?p=12312","title":{"rendered":"Prefeito realiza primeira reuni\u00e3o do ano e d\u00e1 posse aos secret\u00e1rios"},"content":{"rendered":"\n<figure class=\"wp-block-image size-full\"><img fetchpriority=\"high\" decoding=\"async\" width=\"860\" height=\"645\" src=\"https:\/\/prefeitura.santarosa.rs.gov.br\/wp-content\/uploads\/2025\/01\/Formato-Site-e-Portal-860X645-JPG-41.jpg\" alt=\"\" class=\"wp-image-12313\" srcset=\"https:\/\/prefeitura.santarosa.rs.gov.br\/wp-content\/uploads\/2025\/01\/Formato-Site-e-Portal-860X645-JPG-41.jpg 860w, https:\/\/prefeitura.santarosa.rs.gov.br\/wp-content\/uploads\/2025\/01\/Formato-Site-e-Portal-860X645-JPG-41-300x225.jpg 300w, https:\/\/prefeitura.santarosa.rs.gov.br\/wp-content\/uploads\/2025\/01\/Formato-Site-e-Portal-860X645-JPG-41-768x576.jpg 768w\" sizes=\"(max-width: 860px) 100vw, 860px\" \/><\/figure>\n\n\n\n<p>O prefeito Anderson Mantei realizou na manh\u00e3 desta quinta-feira (02), a primeira reuni\u00e3o do ano na Prefeitura de Santa Rosa. Com a presen\u00e7a de alguns vereadores eleitos, foi realizada tamb\u00e9m a posse dos secret\u00e1rios para a gest\u00e3o 2025\/2028.<\/p>\n\n\n\n<p>Anderson iniciou sua fala, refor\u00e7ando que as escolhas feitas para cada secretaria foram pensadas com foco em poder dar sequ\u00eancia no trabalho desenvolvido nos \u00faltimos quatro anos, \u201cN\u00f3s precisamos trabalhar para resolver as quest\u00f5es da comunidade, precisamos avan\u00e7ar ainda mais para solucionar os problemas das pessoas e proporcionar mais infraestrutura e bem-estar para a popula\u00e7\u00e3o\u201d, destacou Mantei.<\/p>\n\n\n\n<p>Foram nomeados para ocupar os cargos de secret\u00e1rios da Administra\u00e7\u00e3o P\u00fablica: Sa\u00fade, D\u00e9lcio Stefan; Comunica\u00e7\u00e3o, Lisandra Steffen; Mobilidade Urbana, Gilberto Kr\u00fcger; Obras, Valtair Dorneles; Desenvolvimento Econ\u00f4mico, Odaylson Eder; Assessor de Gabinete, Paulo Kunkel; Agricultura, Gerson Karkow; Administra\u00e7\u00e3o e Fazenda, Maicon Zamboni; Governan\u00e7a e Gest\u00e3o, Ademir Rosa; Desenvolvimento Social, Rita Strasser e Douglas Fronza, que vai ser mantido no Governo, mas ainda sem pasta definida.<br>Participaram tamb\u00e9m da reuni\u00e3o, os vereadores M\u00e1ximo Altemir Martins (Timirinho) e Enzo Fontana de Melo.<\/p>\n","protected":false},"excerpt":{"rendered":"<p>O prefeito Anderson Mantei realizou na manh\u00e3 desta quinta-feira (02), a primeira reuni\u00e3o do ano na Prefeitura de Santa Rosa.<\/p>\n","protected":false},"author":6,"featured_media":12314,"comment_status":"closed","ping_status":"closed","sticky":false,"template":"","format":"standard","meta":{"footnotes":""},"categories":[4,3],"tags":[],"class_list":["post-12312","post","type-post","status-publish","format-standard","has-post-thumbnail","hentry","category-noticias","category-gabinete-do-prefeito"],"aioseo_notices":[],"_links":{"self":[{"href":"https:\/\/prefeitura.santarosa.rs.gov.br\/index.php?rest_route=\/wp\/v2\/posts\/12312","targetHints":{"allow":["GET"]}}],"collection":[{"href":"https:\/\/prefeitura.santarosa.rs.gov.br\/index.php?rest_route=\/wp\/v2\/posts"}],"about":[{"href":"https:\/\/prefeitura.santarosa.rs.gov.br\/index.php?rest_route=\/wp\/v2\/types\/post"}],"author":[{"embeddable":true,"href":"https:\/\/prefeitura.santarosa.rs.gov.br\/index.php?rest_route=\/wp\/v2\/users\/6"}],"replies":[{"embeddable":true,"href":"https:\/\/prefeitura.santarosa.rs.gov.br\/index.php?rest_route=%2Fwp%2Fv2%2Fcomments&post=12312"}],"version-history":[{"count":1,"href":"https:\/\/prefeitura.santarosa.rs.gov.br\/index.php?rest_route=\/wp\/v2\/posts\/12312\/revisions"}],"predecessor-version":[{"id":12315,"href":"https:\/\/prefeitura.santarosa.rs.gov.br\/index.php?rest_route=\/wp\/v2\/posts\/12312\/revisions\/12315"}],"wp:featuredmedia":[{"embeddable":true,"href":"https:\/\/prefeitura.santarosa.rs.gov.br\/index.php?rest_route=\/wp\/v2\/media\/12314"}],"wp:attachment":[{"href":"https:\/\/prefeitura.santarosa.rs.gov.br\/index.php?rest_route=%2Fwp%2Fv2%2Fmedia&parent=12312"}],"wp:term":[{"taxonomy":"category","embeddable":true,"href":"https:\/\/prefeitura.santarosa.rs.gov.br\/index.php?rest_route=%2Fwp%2Fv2%2Fcategories&post=12312"},{"taxonomy":"post_tag","embeddable":true,"href":"https:\/\/prefeitura.santarosa.rs.gov.br\/index.php?rest_route=%2Fwp%2Fv2%2Ftags&post=12312"}],"curies":[{"name":"wp","href":"https:\/\/api.w.org\/{rel}","templated":true}]}}