{"id":12308,"date":"2025-01-02T10:29:06","date_gmt":"2025-01-02T13:29:06","guid":{"rendered":"https:\/\/prefeitura.santarosa.rs.gov.br\/?p=12308"},"modified":"2025-01-02T14:47:58","modified_gmt":"2025-01-02T17:47:58","slug":"prefeito-vice-prefeito-e-vereadores-eleitos-tomam-posse-em-santa-rosa","status":"publish","type":"post","link":"https:\/\/prefeitura.santarosa.rs.gov.br\/?p=12308","title":{"rendered":"Prefeito, vice-prefeito e vereadores eleitos tomam posse em Santa Rosa"},"content":{"rendered":"\n<figure class=\"wp-block-image size-full\"><img fetchpriority=\"high\" decoding=\"async\" width=\"860\" height=\"645\" src=\"https:\/\/prefeitura.santarosa.rs.gov.br\/wp-content\/uploads\/2025\/01\/Formato-Site-e-Portal-860X645-JPG-43.jpg\" alt=\"\" class=\"wp-image-12321\" srcset=\"https:\/\/prefeitura.santarosa.rs.gov.br\/wp-content\/uploads\/2025\/01\/Formato-Site-e-Portal-860X645-JPG-43.jpg 860w, https:\/\/prefeitura.santarosa.rs.gov.br\/wp-content\/uploads\/2025\/01\/Formato-Site-e-Portal-860X645-JPG-43-300x225.jpg 300w, https:\/\/prefeitura.santarosa.rs.gov.br\/wp-content\/uploads\/2025\/01\/Formato-Site-e-Portal-860X645-JPG-43-768x576.jpg 768w\" sizes=\"(max-width: 860px) 100vw, 860px\" \/><\/figure>\n\n\n\n<p>Na noite desta quarta-feira (01), primeiro dia do ano de 2025, foi realizada a cerim\u00f4nia de posse do prefeito, vice-prefeito e vereadores eleitos em Santa Rosa para a gest\u00e3o 2025\/2028. A sess\u00e3o solene aconteceu no Centro C\u00edvico Cultural Ant\u00f4nio Carlos Borges e reuniu autoridades, institui\u00e7\u00f5es, familiares e amigos dos pol\u00edticos e a comunidade. Na oportunidade, assumiram os cargos 15 vereadores, o prefeito Anderson Mantei e o vice-prefeito Aldemir Ulrich.<\/p>\n\n\n\n<p>A solenidade iniciou com o juramento dos vereadores, depoimento dos representantes dos partidos e a vota\u00e7\u00e3o da mesa diretora da C\u00e2mara Municipal de Vereadores. Na sequ\u00eancia, foram empossados para mais quatro anos, o prefeito e o vice-prefeito do munic\u00edpio. Anderson Mantei destacou o compromisso de estar \u00e0 frente do Executivo e de dar continuidade ao trabalho realizado na \u00faltima gest\u00e3o, \u201cNos comprometemos novamente com essa regi\u00e3o de gente trabalhadora que acorda cedo e dorme tarde e que luta por uma cidade ainda melhor. N\u00f3s que gostamos dessa terra, estamos cada vez mais, comprometidos a trabalhar, s\u00f3 prospera quem trabalha\u201d.<\/p>\n\n\n\n<p>O vice-prefeito Aldemir Ulrich tamb\u00e9m ressaltou os grandes projetos que ser\u00e3o implementados no munic\u00edpio e agradeceu a confian\u00e7a da popula\u00e7\u00e3o santa-rosense, \u201cO fato de estarmos aqui hoje, significa que o caminho e a forma de trabalhar que resolvemos adotar em 2021 para governar Santa Rosa foi acertada. Agora, teremos mais quatro anos, para continuar implementando a\u00e7\u00f5es e buscando melhorias que promovam ainda mais o desenvolvimento da nossa cidade. Vamos precisar estar unidos como estivemos at\u00e9 aqui para fazer uma Santa Rosa ainda melhor\u201d. A cerim\u00f4nia foi transmitida ao vivo pelo canal do Youtube. Ap\u00f3s todos os eleitos empossados, o presidente da C\u00e2mara de Vereadores, M\u00e1ximo Altemir Martins (Timirinho), deu por encerrada a sess\u00e3o solene e agradeceu a presen\u00e7a de todos.<\/p>\n","protected":false},"excerpt":{"rendered":"<p>Na noite desta quarta-feira (01), primeiro dia do ano de 2025, foi realizada a cerim\u00f4nia de posse do prefeito, vice-prefeito<\/p>\n","protected":false},"author":6,"featured_media":12322,"comment_status":"closed","ping_status":"closed","sticky":false,"template":"","format":"standard","meta":{"footnotes":""},"categories":[4,3,9],"tags":[],"class_list":["post-12308","post","type-post","status-publish","format-standard","has-post-thumbnail","hentry","category-noticias","category-gabinete-do-prefeito","category-gabinete-do-vice-prefeito"],"aioseo_notices":[],"_links":{"self":[{"href":"https:\/\/prefeitura.santarosa.rs.gov.br\/index.php?rest_route=\/wp\/v2\/posts\/12308","targetHints":{"allow":["GET"]}}],"collection":[{"href":"https:\/\/prefeitura.santarosa.rs.gov.br\/index.php?rest_route=\/wp\/v2\/posts"}],"about":[{"href":"https:\/\/prefeitura.santarosa.rs.gov.br\/index.php?rest_route=\/wp\/v2\/types\/post"}],"author":[{"embeddable":true,"href":"https:\/\/prefeitura.santarosa.rs.gov.br\/index.php?rest_route=\/wp\/v2\/users\/6"}],"replies":[{"embeddable":true,"href":"https:\/\/prefeitura.santarosa.rs.gov.br\/index.php?rest_route=%2Fwp%2Fv2%2Fcomments&post=12308"}],"version-history":[{"count":2,"href":"https:\/\/prefeitura.santarosa.rs.gov.br\/index.php?rest_route=\/wp\/v2\/posts\/12308\/revisions"}],"predecessor-version":[{"id":12323,"href":"https:\/\/prefeitura.santarosa.rs.gov.br\/index.php?rest_route=\/wp\/v2\/posts\/12308\/revisions\/12323"}],"wp:featuredmedia":[{"embeddable":true,"href":"https:\/\/prefeitura.santarosa.rs.gov.br\/index.php?rest_route=\/wp\/v2\/media\/12322"}],"wp:attachment":[{"href":"https:\/\/prefeitura.santarosa.rs.gov.br\/index.php?rest_route=%2Fwp%2Fv2%2Fmedia&parent=12308"}],"wp:term":[{"taxonomy":"category","embeddable":true,"href":"https:\/\/prefeitura.santarosa.rs.gov.br\/index.php?rest_route=%2Fwp%2Fv2%2Fcategories&post=12308"},{"taxonomy":"post_tag","embeddable":true,"href":"https:\/\/prefeitura.santarosa.rs.gov.br\/index.php?rest_route=%2Fwp%2Fv2%2Ftags&post=12308"}],"curies":[{"name":"wp","href":"https:\/\/api.w.org\/{rel}","templated":true}]}}