{"id":12301,"date":"2024-12-31T11:40:07","date_gmt":"2024-12-31T14:40:07","guid":{"rendered":"https:\/\/prefeitura.santarosa.rs.gov.br\/?p=12301"},"modified":"2024-12-31T11:40:09","modified_gmt":"2024-12-31T14:40:09","slug":"ultimo-dia-do-ano-inicia-com-agradecimento-aos-servidores-municipais","status":"publish","type":"post","link":"https:\/\/prefeitura.santarosa.rs.gov.br\/?p=12301","title":{"rendered":"\u00daltimo dia do ano inicia com agradecimento aos servidores municipais"},"content":{"rendered":"\n<figure class=\"wp-block-image size-large\"><img fetchpriority=\"high\" decoding=\"async\" width=\"1024\" height=\"768\" src=\"https:\/\/prefeitura.santarosa.rs.gov.br\/wp-content\/uploads\/2024\/12\/Formato-Site-e-Portal-860X645-JPG-14-2-1024x768.jpg\" alt=\"\" class=\"wp-image-12302\" srcset=\"https:\/\/prefeitura.santarosa.rs.gov.br\/wp-content\/uploads\/2024\/12\/Formato-Site-e-Portal-860X645-JPG-14-2-1024x768.jpg 1024w, https:\/\/prefeitura.santarosa.rs.gov.br\/wp-content\/uploads\/2024\/12\/Formato-Site-e-Portal-860X645-JPG-14-2-300x225.jpg 300w, https:\/\/prefeitura.santarosa.rs.gov.br\/wp-content\/uploads\/2024\/12\/Formato-Site-e-Portal-860X645-JPG-14-2-768x576.jpg 768w, https:\/\/prefeitura.santarosa.rs.gov.br\/wp-content\/uploads\/2024\/12\/Formato-Site-e-Portal-860X645-JPG-14-2-1536x1152.jpg 1536w, https:\/\/prefeitura.santarosa.rs.gov.br\/wp-content\/uploads\/2024\/12\/Formato-Site-e-Portal-860X645-JPG-14-2.jpg 2043w\" sizes=\"(max-width: 1024px) 100vw, 1024px\" \/><\/figure>\n\n\n\n<p>O \u00faltimo dia do ano de 2024 iniciou com um sentimento de dever cumprido e de gratid\u00e3o. Pela manh\u00e3 desta ter\u00e7a-feira (31\/12), o vice-prefeito Aldemir Ulrich visitou as secretarias da Administra\u00e7\u00e3o P\u00fablica para agradecer aos servidores pelo empenho e dedica\u00e7\u00e3o, n\u00e3o s\u00f3 neste ano, mas durante toda a gest\u00e3o (2021-2024). Santa Rosa avan\u00e7ou em todas as \u00e1reas e 2024 foi de muitas conquistas. De janeiro a dezembro, centenas de obras aconteceram e cerca de R$ 100 milh\u00f5es foram investidos em melhorias para o munic\u00edpio.<\/p>\n\n\n\n<p>Entre as atividades realizadas, a manuten\u00e7\u00e3o de estradas e as novas obras de pavimenta\u00e7\u00e3o na cidade e no interior tiveram um grande avan\u00e7o. Mais de 60 km foram realizados em 2024. No esporte e no lazer, o novo Tape Por\u00e3 e a Arena do Parque de Exposi\u00e7\u00f5es proporcionaram espa\u00e7os p\u00fablicos com mais infraestrutura para a popula\u00e7\u00e3o. Uma das a\u00e7\u00f5es mais relevantes do ano foi a troca de toda a ilumina\u00e7\u00e3o p\u00fablica por LED. Todas as ruas de Santa Rosa foram contempladas com a substitui\u00e7\u00e3o das l\u00e2mpadas, proporcionando mais economia aos cofres p\u00fablicos e seguran\u00e7a aos cidad\u00e3os. O vice-prefeito Aldemir Ulrich destacou o trabalho desenvolvido ao longo dos anos, \u201cIniciamos hoje com o sentimento de dever cumprido. Conseguimos olhar l\u00e1 para 2021 e ver o quanto o nosso munic\u00edpio se desenvolveu e est\u00e1 em constante progresso. Nosso agradecimento aos servidores por estarem ao nosso lado e com empenho, executarem as a\u00e7\u00f5es que promovem uma Santa Rosa cada vez melhor\u201d.<\/p>\n\n\n\n<p>A educa\u00e7\u00e3o e a sa\u00fade tamb\u00e9m tiveram grandes investimentos. Novas creches em constru\u00e7\u00e3o: EMEI Amor Perfeito (inaugurada em 2024), EMEI S\u00e3o Francisco e EMEI Andressa Ferreira (v\u00e3o iniciar 2025 com alunos) e EMEI Edwino Walter Fehlauer que ser\u00e1 iniciada no pr\u00f3ximo ano, assim como, a Escola SESI que ser\u00e1 implementada no munic\u00edpio. Na sa\u00fade, o 3\u00ba Turno foi ampliado. Ao todo, 8 UBSs oferecem atendimento no per\u00edodo da noite: Auxiliadora, Beatriz\/Oliveira, Centro, Cruzeiro do Sul, Esperan\u00e7a, J\u00falio de Oliveira, Sulina e Timba\u00fava. O prefeito Anderson Mantei ressaltou que este foi s\u00f3 o in\u00edcio e que nos pr\u00f3ximos quatro anos, muitas outras transforma\u00e7\u00f5es v\u00e3o acontecer em Santa Rosa, \u201cHoje encerramos o per\u00edodo de 1.460 dias que estivemos \u00e0 frente do munic\u00edpio, executando a\u00e7\u00f5es sempre com foco no bem-estar da popula\u00e7\u00e3o. Vamos dar sequ\u00eancia ao trabalho realizado e iniciar a nova gest\u00e3o com a certeza de que estamos no caminho certo e que h\u00e1 ainda muitas coisas para realizarmos por Santa Rosa\u201d.<\/p>\n\n\n\n<p>Diversos outros projetos tiveram destaque no ano que passou e v\u00e3o ter sequ\u00eancia em 2025, como o Programa Habitacional Santa Rosa Verde e Amarela, o Plano de Mobilidade Urbana, o Programa Prefeitura Digital, a implementa\u00e7\u00e3o do Celeiro AgFood Hub Santa Rosa, a execu\u00e7\u00e3o do Plano de Turismo e o Programa Karat\u00ea Para Todos. Para os pr\u00f3ximos quatro anos j\u00e1 est\u00e3o programadas mais de 250 obras, entre elas a amplia\u00e7\u00e3o do Aeroporto, a reforma da Pra\u00e7a da Bandeira, a conclus\u00e3o da obra da Esta\u00e7\u00e3o F\u00e9rrea, a constru\u00e7\u00e3o do Centro de Eventos e do Gin\u00e1sio de Esportes e a pavimenta\u00e7\u00e3o de mais de 120 novas ruas, que j\u00e1 possuem recursos garantidos para iniciar.<\/p>\n","protected":false},"excerpt":{"rendered":"<p>O \u00faltimo dia do ano de 2024 iniciou com um sentimento de dever cumprido e de gratid\u00e3o. Pela manh\u00e3 desta<\/p>\n","protected":false},"author":6,"featured_media":12303,"comment_status":"closed","ping_status":"open","sticky":false,"template":"","format":"standard","meta":{"footnotes":""},"categories":[4,9],"tags":[],"class_list":["post-12301","post","type-post","status-publish","format-standard","has-post-thumbnail","hentry","category-noticias","category-gabinete-do-vice-prefeito"],"aioseo_notices":[],"_links":{"self":[{"href":"https:\/\/prefeitura.santarosa.rs.gov.br\/index.php?rest_route=\/wp\/v2\/posts\/12301","targetHints":{"allow":["GET"]}}],"collection":[{"href":"https:\/\/prefeitura.santarosa.rs.gov.br\/index.php?rest_route=\/wp\/v2\/posts"}],"about":[{"href":"https:\/\/prefeitura.santarosa.rs.gov.br\/index.php?rest_route=\/wp\/v2\/types\/post"}],"author":[{"embeddable":true,"href":"https:\/\/prefeitura.santarosa.rs.gov.br\/index.php?rest_route=\/wp\/v2\/users\/6"}],"replies":[{"embeddable":true,"href":"https:\/\/prefeitura.santarosa.rs.gov.br\/index.php?rest_route=%2Fwp%2Fv2%2Fcomments&post=12301"}],"version-history":[{"count":1,"href":"https:\/\/prefeitura.santarosa.rs.gov.br\/index.php?rest_route=\/wp\/v2\/posts\/12301\/revisions"}],"predecessor-version":[{"id":12304,"href":"https:\/\/prefeitura.santarosa.rs.gov.br\/index.php?rest_route=\/wp\/v2\/posts\/12301\/revisions\/12304"}],"wp:featuredmedia":[{"embeddable":true,"href":"https:\/\/prefeitura.santarosa.rs.gov.br\/index.php?rest_route=\/wp\/v2\/media\/12303"}],"wp:attachment":[{"href":"https:\/\/prefeitura.santarosa.rs.gov.br\/index.php?rest_route=%2Fwp%2Fv2%2Fmedia&parent=12301"}],"wp:term":[{"taxonomy":"category","embeddable":true,"href":"https:\/\/prefeitura.santarosa.rs.gov.br\/index.php?rest_route=%2Fwp%2Fv2%2Fcategories&post=12301"},{"taxonomy":"post_tag","embeddable":true,"href":"https:\/\/prefeitura.santarosa.rs.gov.br\/index.php?rest_route=%2Fwp%2Fv2%2Ftags&post=12301"}],"curies":[{"name":"wp","href":"https:\/\/api.w.org\/{rel}","templated":true}]}}