{"id":12291,"date":"2024-12-30T16:22:05","date_gmt":"2024-12-30T19:22:05","guid":{"rendered":"https:\/\/prefeitura.santarosa.rs.gov.br\/?p=12291"},"modified":"2024-12-30T16:22:06","modified_gmt":"2024-12-30T19:22:06","slug":"retrospectivas-escolas-municipais-emei-crianca-esperanca-2","status":"publish","type":"post","link":"https:\/\/prefeitura.santarosa.rs.gov.br\/?p=12291","title":{"rendered":"Retrospectivas Escolas Municipais: EMEI Crian\u00e7a Esperan\u00e7a"},"content":{"rendered":"\n<figure class=\"wp-block-image size-full\"><img fetchpriority=\"high\" decoding=\"async\" width=\"860\" height=\"645\" src=\"https:\/\/prefeitura.santarosa.rs.gov.br\/wp-content\/uploads\/2024\/12\/Formato-Site-e-Portal-860X645-JPG-38.jpg\" alt=\"\" class=\"wp-image-12292\" srcset=\"https:\/\/prefeitura.santarosa.rs.gov.br\/wp-content\/uploads\/2024\/12\/Formato-Site-e-Portal-860X645-JPG-38.jpg 860w, https:\/\/prefeitura.santarosa.rs.gov.br\/wp-content\/uploads\/2024\/12\/Formato-Site-e-Portal-860X645-JPG-38-300x225.jpg 300w, https:\/\/prefeitura.santarosa.rs.gov.br\/wp-content\/uploads\/2024\/12\/Formato-Site-e-Portal-860X645-JPG-38-768x576.jpg 768w\" sizes=\"(max-width: 860px) 100vw, 860px\" \/><\/figure>\n\n\n\n<p>O ano de 2024 foi marcado por um investimento de cerca de R$ 90 milh\u00f5es na Rede Municipal de Ensino e pelo atendimento de mais de sete mil alunos em Santa Rosa. Com o objetivo de apresentar os trabalhos desenvolvidos, o Governo Municipal vai iniciar, a partir desta semana e ao longo do m\u00eas de janeiro, uma retrospectiva de cada uma das 34 escolas que fazem parte da Rede, come\u00e7ando pela EMEI Crian\u00e7a Esperan\u00e7a. A Escola de Educa\u00e7\u00e3o Infantil Crian\u00e7a Esperan\u00e7a atende 140 alunos (76 meninos e 64 meninas), com idades entre 04 meses e 05 anos, distribu\u00eddos em 07 turmas, do ber\u00e7\u00e1rio \u00e0 pr\u00e9-escola.<\/p>\n\n\n\n<p>A escola, localizada no bairro Cruzeiro, completou 36 anos de cria\u00e7\u00e3o em novembro. O ano de 2024 contou com v\u00e1rias a\u00e7\u00f5es diferenciadas, como a 2\u00aa edi\u00e7\u00e3o da Caminhada pela Paz, realizada em parceria com outras EMEIs do Bairro Cruzeiro, o Ch\u00e1 de Dia das M\u00e3es, o Desfile de 7 de Setembro e a festa de encerramento do ano com a participa\u00e7\u00e3o das fam\u00edlias e da comunidade. Um dos principais destaques foi a participa\u00e7\u00e3o no Fundo Social do Sicredi. Pelo quarto ano consecutivo, a escola foi contemplada com recursos para a aquisi\u00e7\u00e3o de brinquedos educativos, reforma do parquinho externo, pintura interna e externa, troca do piso do sagu\u00e3o, substitui\u00e7\u00e3o do telhado do parquinho interno e instala\u00e7\u00e3o de portas de vidro na lateral da entrada da escola.<\/p>\n\n\n\n<p>A EMEI Crian\u00e7a Esperan\u00e7a conta com uma equipe composta por 19 servidores, sendo 03 professoras, 10 monitoras, 04 auxiliares de servi\u00e7os gerais (terceirizadas), 1 coordenadora e 1 diretora. A diretora, K\u00e1tia Aparecida Dias Peroty, destacou o trabalho realizado ao longo do ano, &#8220;Nossa escola teve um ano muito produtivo, pois passamos por uma reforma para melhorar a qualidade do atendimento, sempre pensando no bem-estar coletivo de todos. Esperamos que o pr\u00f3ximo ano seja repleto de oportunidades para oferecer uma educa\u00e7\u00e3o cada vez melhor aos nossos alunos&#8221;.<\/p>\n\n\n\n<p>Para 2025, o foco ser\u00e1 realizar novas melhorias na infraestrutura da escola. Tamb\u00e9m continuar\u00e1 o trabalho pedag\u00f3gico com a\u00e7\u00f5es que visam ampliar o conhecimento e o desenvolvimento dos alunos. A EMEI est\u00e1 localizada na Av. Flores da Cunha, n\u00ba 1321, no bairro Cruzeiro.<\/p>\n","protected":false},"excerpt":{"rendered":"<p>O ano de 2024 foi marcado por um investimento de cerca de R$ 90 milh\u00f5es na Rede Municipal de Ensino<\/p>\n","protected":false},"author":6,"featured_media":12293,"comment_status":"closed","ping_status":"closed","sticky":false,"template":"","format":"standard","meta":{"footnotes":""},"categories":[4,18],"tags":[],"class_list":["post-12291","post","type-post","status-publish","format-standard","has-post-thumbnail","hentry","category-noticias","category-secretaria-municipal-de-educacao-e-cultura"],"aioseo_notices":[],"_links":{"self":[{"href":"https:\/\/prefeitura.santarosa.rs.gov.br\/index.php?rest_route=\/wp\/v2\/posts\/12291","targetHints":{"allow":["GET"]}}],"collection":[{"href":"https:\/\/prefeitura.santarosa.rs.gov.br\/index.php?rest_route=\/wp\/v2\/posts"}],"about":[{"href":"https:\/\/prefeitura.santarosa.rs.gov.br\/index.php?rest_route=\/wp\/v2\/types\/post"}],"author":[{"embeddable":true,"href":"https:\/\/prefeitura.santarosa.rs.gov.br\/index.php?rest_route=\/wp\/v2\/users\/6"}],"replies":[{"embeddable":true,"href":"https:\/\/prefeitura.santarosa.rs.gov.br\/index.php?rest_route=%2Fwp%2Fv2%2Fcomments&post=12291"}],"version-history":[{"count":1,"href":"https:\/\/prefeitura.santarosa.rs.gov.br\/index.php?rest_route=\/wp\/v2\/posts\/12291\/revisions"}],"predecessor-version":[{"id":12294,"href":"https:\/\/prefeitura.santarosa.rs.gov.br\/index.php?rest_route=\/wp\/v2\/posts\/12291\/revisions\/12294"}],"wp:featuredmedia":[{"embeddable":true,"href":"https:\/\/prefeitura.santarosa.rs.gov.br\/index.php?rest_route=\/wp\/v2\/media\/12293"}],"wp:attachment":[{"href":"https:\/\/prefeitura.santarosa.rs.gov.br\/index.php?rest_route=%2Fwp%2Fv2%2Fmedia&parent=12291"}],"wp:term":[{"taxonomy":"category","embeddable":true,"href":"https:\/\/prefeitura.santarosa.rs.gov.br\/index.php?rest_route=%2Fwp%2Fv2%2Fcategories&post=12291"},{"taxonomy":"post_tag","embeddable":true,"href":"https:\/\/prefeitura.santarosa.rs.gov.br\/index.php?rest_route=%2Fwp%2Fv2%2Ftags&post=12291"}],"curies":[{"name":"wp","href":"https:\/\/api.w.org\/{rel}","templated":true}]}}