{"id":12269,"date":"2024-12-27T16:41:20","date_gmt":"2024-12-27T19:41:20","guid":{"rendered":"https:\/\/prefeitura.santarosa.rs.gov.br\/?p=12269"},"modified":"2024-12-27T16:41:20","modified_gmt":"2024-12-27T19:41:20","slug":"bairro-gloria-e-contemplado-com-obras-de-pavimentacao","status":"publish","type":"post","link":"https:\/\/prefeitura.santarosa.rs.gov.br\/?p=12269","title":{"rendered":"Bairro Gl\u00f3ria \u00e9 contemplado com obras de pavimenta\u00e7\u00e3o"},"content":{"rendered":"\n<figure class=\"wp-block-image size-full\"><img fetchpriority=\"high\" decoding=\"async\" width=\"860\" height=\"645\" src=\"https:\/\/prefeitura.santarosa.rs.gov.br\/wp-content\/uploads\/2024\/12\/Formato-Site-e-Portal-860X645-JPG-33-1.jpg\" alt=\"\" class=\"wp-image-12270\" srcset=\"https:\/\/prefeitura.santarosa.rs.gov.br\/wp-content\/uploads\/2024\/12\/Formato-Site-e-Portal-860X645-JPG-33-1.jpg 860w, https:\/\/prefeitura.santarosa.rs.gov.br\/wp-content\/uploads\/2024\/12\/Formato-Site-e-Portal-860X645-JPG-33-1-300x225.jpg 300w, https:\/\/prefeitura.santarosa.rs.gov.br\/wp-content\/uploads\/2024\/12\/Formato-Site-e-Portal-860X645-JPG-33-1-768x576.jpg 768w\" sizes=\"(max-width: 860px) 100vw, 860px\" \/><\/figure>\n\n\n\n<p>O prefeito Marcos Knorst (Migue) assinou a ordem de in\u00edcio de duas novas obras de pavimenta\u00e7\u00e3o asf\u00e1ltica para o bairro Gl\u00f3ria. As melhorias v\u00e3o ser realizadas na Rua V\u00eanus e na Travessa Col\u00fambia. Mais de R$ 350 mil ser\u00e3o investidos nos projetos.<\/p>\n\n\n\n<p>As obras de infraestrutura atendem a um pedido da vereadora Cl\u00e9o Brinhol, que ressaltou a import\u00e2ncia dessas melhorias para a comunidade, &#8220;\u00c9 uma alegria poder atender a demanda da popula\u00e7\u00e3o do bairro Gl\u00f3ria, trazendo mais qualidade de vida e seguran\u00e7a para os moradores. A pavimenta\u00e7\u00e3o dessas ruas \u00e9 um grande passo para o desenvolvimento da nossa cidade&#8221;.<\/p>\n\n\n\n<p>O prazo de execu\u00e7\u00e3o dos servi\u00e7os \u00e9 de 120 dias, conforme o contrato.<\/p>\n","protected":false},"excerpt":{"rendered":"<p>O prefeito Marcos Knorst (Migue) assinou a ordem de in\u00edcio de duas novas obras de pavimenta\u00e7\u00e3o asf\u00e1ltica para o bairro<\/p>\n","protected":false},"author":6,"featured_media":12271,"comment_status":"closed","ping_status":"closed","sticky":false,"template":"","format":"standard","meta":{"footnotes":""},"categories":[4,22],"tags":[],"class_list":["post-12269","post","type-post","status-publish","format-standard","has-post-thumbnail","hentry","category-noticias","category-secretaria-municipal-de-planejamento-e-habitacao"],"aioseo_notices":[],"_links":{"self":[{"href":"https:\/\/prefeitura.santarosa.rs.gov.br\/index.php?rest_route=\/wp\/v2\/posts\/12269","targetHints":{"allow":["GET"]}}],"collection":[{"href":"https:\/\/prefeitura.santarosa.rs.gov.br\/index.php?rest_route=\/wp\/v2\/posts"}],"about":[{"href":"https:\/\/prefeitura.santarosa.rs.gov.br\/index.php?rest_route=\/wp\/v2\/types\/post"}],"author":[{"embeddable":true,"href":"https:\/\/prefeitura.santarosa.rs.gov.br\/index.php?rest_route=\/wp\/v2\/users\/6"}],"replies":[{"embeddable":true,"href":"https:\/\/prefeitura.santarosa.rs.gov.br\/index.php?rest_route=%2Fwp%2Fv2%2Fcomments&post=12269"}],"version-history":[{"count":1,"href":"https:\/\/prefeitura.santarosa.rs.gov.br\/index.php?rest_route=\/wp\/v2\/posts\/12269\/revisions"}],"predecessor-version":[{"id":12272,"href":"https:\/\/prefeitura.santarosa.rs.gov.br\/index.php?rest_route=\/wp\/v2\/posts\/12269\/revisions\/12272"}],"wp:featuredmedia":[{"embeddable":true,"href":"https:\/\/prefeitura.santarosa.rs.gov.br\/index.php?rest_route=\/wp\/v2\/media\/12271"}],"wp:attachment":[{"href":"https:\/\/prefeitura.santarosa.rs.gov.br\/index.php?rest_route=%2Fwp%2Fv2%2Fmedia&parent=12269"}],"wp:term":[{"taxonomy":"category","embeddable":true,"href":"https:\/\/prefeitura.santarosa.rs.gov.br\/index.php?rest_route=%2Fwp%2Fv2%2Fcategories&post=12269"},{"taxonomy":"post_tag","embeddable":true,"href":"https:\/\/prefeitura.santarosa.rs.gov.br\/index.php?rest_route=%2Fwp%2Fv2%2Ftags&post=12269"}],"curies":[{"name":"wp","href":"https:\/\/api.w.org\/{rel}","templated":true}]}}