{"id":12260,"date":"2024-12-27T16:32:36","date_gmt":"2024-12-27T19:32:36","guid":{"rendered":"https:\/\/prefeitura.santarosa.rs.gov.br\/?p=12260"},"modified":"2024-12-27T16:35:54","modified_gmt":"2024-12-27T19:35:54","slug":"camara-de-vereadores-devolve-11-milhoes-para-o-municipio","status":"publish","type":"post","link":"https:\/\/prefeitura.santarosa.rs.gov.br\/?p=12260","title":{"rendered":"C\u00e2mara de Vereadores devolve 11 milh\u00f5es para o munic\u00edpio"},"content":{"rendered":"\n<figure class=\"wp-block-image size-full\"><img fetchpriority=\"high\" decoding=\"async\" width=\"860\" height=\"645\" src=\"https:\/\/prefeitura.santarosa.rs.gov.br\/wp-content\/uploads\/2024\/12\/Formato-Site-e-Portal-860X645-JPG-34.jpg\" alt=\"\" class=\"wp-image-12266\" srcset=\"https:\/\/prefeitura.santarosa.rs.gov.br\/wp-content\/uploads\/2024\/12\/Formato-Site-e-Portal-860X645-JPG-34.jpg 860w, https:\/\/prefeitura.santarosa.rs.gov.br\/wp-content\/uploads\/2024\/12\/Formato-Site-e-Portal-860X645-JPG-34-300x225.jpg 300w, https:\/\/prefeitura.santarosa.rs.gov.br\/wp-content\/uploads\/2024\/12\/Formato-Site-e-Portal-860X645-JPG-34-768x576.jpg 768w\" sizes=\"(max-width: 860px) 100vw, 860px\" \/><\/figure>\n\n\n\n<p><\/p>\n\n\n\n<p>O Prefeito Anderson Mantei, antes de sair de f\u00e9rias, recebeu no gabinete a visita do Presidente da C\u00e2mara Municipal de Vereadores, Marcos Knorst (Migue). Na oportunidade, os vereadores entregaram oficialmente ao munic\u00edpio, a devolu\u00e7\u00e3o do duod\u00e9cimo. Ao todo R$ 11 milh\u00f5es do or\u00e7amento de 2024, foram devolvidos para a prefeitura.<\/p>\n\n\n\n<p>O duod\u00e9cimo corresponde aos recursos que o Poder Legislativo recebe atrav\u00e9s de repasse mensal do Poder Executivo. \u00c9 utilizado para manuten\u00e7\u00e3o dos trabalhos, servidores e demais despesas. O Presidente da C\u00e2mara Marcos Knorst, agradeceu aos colegas vereadores pela oportunidade de estar \u00e0 frente do Legislativo no ano de 2024 e tamb\u00e9m de poder realizar esta devolu\u00e7\u00e3o ao Executivo, no valor de R$ 11 milh\u00f5es de reais, sendo que o montante devolvido correspondente a 60% dos recursos recebidos constitucionalmente pelo Legislativo.<\/p>\n\n\n\n<p>O prefeito Anderson acompanhado do vice-prefeito Aldemir Ulrich, agradeceu \u00e0 C\u00e2mara de Vereadores, \u201cSabemos que essa devolu\u00e7\u00e3o s\u00f3 foi poss\u00edvel, gra\u00e7as \u00e0 economia obtida nos gastos administrativos da C\u00e2mara de Vereadores. \u00c9 um valor muito expressivo e que vai permitir que a gest\u00e3o possa utilizar em mais melhorias para a comunidade e investimentos para Santa Rosa\u201d, destacou Mantei. Estavam presentes tamb\u00e9m, o vereador Os\u00f3rio Antunes e Maicon Zamboni.<\/p>\n\n\n\n<p><\/p>\n","protected":false},"excerpt":{"rendered":"<p>O Prefeito Anderson Mantei, antes de sair de f\u00e9rias, recebeu no gabinete a visita do Presidente da C\u00e2mara Municipal de<\/p>\n","protected":false},"author":6,"featured_media":12267,"comment_status":"closed","ping_status":"closed","sticky":false,"template":"","format":"standard","meta":{"footnotes":""},"categories":[4,22],"tags":[],"class_list":["post-12260","post","type-post","status-publish","format-standard","has-post-thumbnail","hentry","category-noticias","category-secretaria-municipal-de-planejamento-e-habitacao"],"aioseo_notices":[],"_links":{"self":[{"href":"https:\/\/prefeitura.santarosa.rs.gov.br\/index.php?rest_route=\/wp\/v2\/posts\/12260","targetHints":{"allow":["GET"]}}],"collection":[{"href":"https:\/\/prefeitura.santarosa.rs.gov.br\/index.php?rest_route=\/wp\/v2\/posts"}],"about":[{"href":"https:\/\/prefeitura.santarosa.rs.gov.br\/index.php?rest_route=\/wp\/v2\/types\/post"}],"author":[{"embeddable":true,"href":"https:\/\/prefeitura.santarosa.rs.gov.br\/index.php?rest_route=\/wp\/v2\/users\/6"}],"replies":[{"embeddable":true,"href":"https:\/\/prefeitura.santarosa.rs.gov.br\/index.php?rest_route=%2Fwp%2Fv2%2Fcomments&post=12260"}],"version-history":[{"count":2,"href":"https:\/\/prefeitura.santarosa.rs.gov.br\/index.php?rest_route=\/wp\/v2\/posts\/12260\/revisions"}],"predecessor-version":[{"id":12268,"href":"https:\/\/prefeitura.santarosa.rs.gov.br\/index.php?rest_route=\/wp\/v2\/posts\/12260\/revisions\/12268"}],"wp:featuredmedia":[{"embeddable":true,"href":"https:\/\/prefeitura.santarosa.rs.gov.br\/index.php?rest_route=\/wp\/v2\/media\/12267"}],"wp:attachment":[{"href":"https:\/\/prefeitura.santarosa.rs.gov.br\/index.php?rest_route=%2Fwp%2Fv2%2Fmedia&parent=12260"}],"wp:term":[{"taxonomy":"category","embeddable":true,"href":"https:\/\/prefeitura.santarosa.rs.gov.br\/index.php?rest_route=%2Fwp%2Fv2%2Fcategories&post=12260"},{"taxonomy":"post_tag","embeddable":true,"href":"https:\/\/prefeitura.santarosa.rs.gov.br\/index.php?rest_route=%2Fwp%2Fv2%2Ftags&post=12260"}],"curies":[{"name":"wp","href":"https:\/\/api.w.org\/{rel}","templated":true}]}}