{"id":12244,"date":"2024-12-26T17:48:06","date_gmt":"2024-12-26T20:48:06","guid":{"rendered":"https:\/\/prefeitura.santarosa.rs.gov.br\/?p=12244"},"modified":"2024-12-27T15:12:57","modified_gmt":"2024-12-27T18:12:57","slug":"rua-independencia-no-bairro-central-recebe-investimento-de-mais-de-r-390-mil","status":"publish","type":"post","link":"https:\/\/prefeitura.santarosa.rs.gov.br\/?p=12244","title":{"rendered":"Rua Independ\u00eancia no bairro Central recebe investimento de mais de R$ 390 mil"},"content":{"rendered":"\n<figure class=\"wp-block-image size-full\"><img fetchpriority=\"high\" decoding=\"async\" width=\"860\" height=\"645\" src=\"https:\/\/prefeitura.santarosa.rs.gov.br\/wp-content\/uploads\/2024\/12\/Formato-Site-e-Portal-860X645-JPG-29.jpg\" alt=\"\" class=\"wp-image-12245\" srcset=\"https:\/\/prefeitura.santarosa.rs.gov.br\/wp-content\/uploads\/2024\/12\/Formato-Site-e-Portal-860X645-JPG-29.jpg 860w, https:\/\/prefeitura.santarosa.rs.gov.br\/wp-content\/uploads\/2024\/12\/Formato-Site-e-Portal-860X645-JPG-29-300x225.jpg 300w, https:\/\/prefeitura.santarosa.rs.gov.br\/wp-content\/uploads\/2024\/12\/Formato-Site-e-Portal-860X645-JPG-29-768x576.jpg 768w\" sizes=\"(max-width: 860px) 100vw, 860px\" \/><\/figure>\n\n\n\n<p>A vila Balne\u00e1ria foi contemplada com mais uma obra de pavimenta\u00e7\u00e3o asf\u00e1ltica. Nessa quinta-feira, o prefeito Marcos Knorst (Migue) assinou a ordem de in\u00edcio para a obra na Rua Independ\u00eancia. Mais de R$ 390 mil ser\u00e3o investidos no local.<\/p>\n\n\n\n<p>A melhoria para essa rua foi uma solicita\u00e7\u00e3o do vereador Rafael Rufino, que comentou sobre a import\u00e2ncia da obra, \u201cEssa obra vai melhorar muito a mobilidade e a qualidade de vida dos moradores do bairro Central. Fico feliz em poder contribuir para o desenvolvimento dessa importante localidade do nosso munic\u00edpio\u201d.<\/p>\n\n\n\n<p>A Rua Independ\u00eancia \u00e9 a rua da EMEF Marqu\u00eas do Herval. O prazo de execu\u00e7\u00e3o da obra ser\u00e1 de 180 dias, conforme o contrato.<\/p>\n\n\n\n<p><\/p>\n","protected":false},"excerpt":{"rendered":"<p>A vila Balne\u00e1ria foi contemplada com mais uma obra de pavimenta\u00e7\u00e3o asf\u00e1ltica. Nessa quinta-feira, o prefeito Marcos Knorst (Migue) assinou<\/p>\n","protected":false},"author":6,"featured_media":12246,"comment_status":"closed","ping_status":"closed","sticky":false,"template":"","format":"standard","meta":{"footnotes":""},"categories":[4,22],"tags":[],"class_list":["post-12244","post","type-post","status-publish","format-standard","has-post-thumbnail","hentry","category-noticias","category-secretaria-municipal-de-planejamento-e-habitacao"],"aioseo_notices":[],"_links":{"self":[{"href":"https:\/\/prefeitura.santarosa.rs.gov.br\/index.php?rest_route=\/wp\/v2\/posts\/12244","targetHints":{"allow":["GET"]}}],"collection":[{"href":"https:\/\/prefeitura.santarosa.rs.gov.br\/index.php?rest_route=\/wp\/v2\/posts"}],"about":[{"href":"https:\/\/prefeitura.santarosa.rs.gov.br\/index.php?rest_route=\/wp\/v2\/types\/post"}],"author":[{"embeddable":true,"href":"https:\/\/prefeitura.santarosa.rs.gov.br\/index.php?rest_route=\/wp\/v2\/users\/6"}],"replies":[{"embeddable":true,"href":"https:\/\/prefeitura.santarosa.rs.gov.br\/index.php?rest_route=%2Fwp%2Fv2%2Fcomments&post=12244"}],"version-history":[{"count":2,"href":"https:\/\/prefeitura.santarosa.rs.gov.br\/index.php?rest_route=\/wp\/v2\/posts\/12244\/revisions"}],"predecessor-version":[{"id":12248,"href":"https:\/\/prefeitura.santarosa.rs.gov.br\/index.php?rest_route=\/wp\/v2\/posts\/12244\/revisions\/12248"}],"wp:featuredmedia":[{"embeddable":true,"href":"https:\/\/prefeitura.santarosa.rs.gov.br\/index.php?rest_route=\/wp\/v2\/media\/12246"}],"wp:attachment":[{"href":"https:\/\/prefeitura.santarosa.rs.gov.br\/index.php?rest_route=%2Fwp%2Fv2%2Fmedia&parent=12244"}],"wp:term":[{"taxonomy":"category","embeddable":true,"href":"https:\/\/prefeitura.santarosa.rs.gov.br\/index.php?rest_route=%2Fwp%2Fv2%2Fcategories&post=12244"},{"taxonomy":"post_tag","embeddable":true,"href":"https:\/\/prefeitura.santarosa.rs.gov.br\/index.php?rest_route=%2Fwp%2Fv2%2Ftags&post=12244"}],"curies":[{"name":"wp","href":"https:\/\/api.w.org\/{rel}","templated":true}]}}