{"id":12236,"date":"2024-12-26T17:35:02","date_gmt":"2024-12-26T20:35:02","guid":{"rendered":"https:\/\/prefeitura.santarosa.rs.gov.br\/?p=12236"},"modified":"2024-12-26T17:35:03","modified_gmt":"2024-12-26T20:35:03","slug":"rua-timbo-tera-asfalto","status":"publish","type":"post","link":"https:\/\/prefeitura.santarosa.rs.gov.br\/?p=12236","title":{"rendered":"Rua Timb\u00f3 ter\u00e1 asfalto"},"content":{"rendered":"\n<figure class=\"wp-block-image size-full\"><img fetchpriority=\"high\" decoding=\"async\" width=\"860\" height=\"645\" src=\"https:\/\/prefeitura.santarosa.rs.gov.br\/wp-content\/uploads\/2024\/12\/Formato-Site-e-Portal-860X645-JPG-27.jpg\" alt=\"\" class=\"wp-image-12237\" srcset=\"https:\/\/prefeitura.santarosa.rs.gov.br\/wp-content\/uploads\/2024\/12\/Formato-Site-e-Portal-860X645-JPG-27.jpg 860w, https:\/\/prefeitura.santarosa.rs.gov.br\/wp-content\/uploads\/2024\/12\/Formato-Site-e-Portal-860X645-JPG-27-300x225.jpg 300w, https:\/\/prefeitura.santarosa.rs.gov.br\/wp-content\/uploads\/2024\/12\/Formato-Site-e-Portal-860X645-JPG-27-768x576.jpg 768w\" sizes=\"(max-width: 860px) 100vw, 860px\" \/><\/figure>\n\n\n\n<p>O prefeito Marcos Knorst (Migue), assinou a ordem de in\u00edcio da obra de pavimenta\u00e7\u00e3o asf\u00e1ltica da Rua Timb\u00f3, no bairro Timba\u00fava. A localidade ser\u00e1 contemplada com melhorias na infraestrutura. Mais de R$ 200 mil ser\u00e3o investidos no projeto.<\/p>\n\n\n\n<p>A melhoria foi uma solicita\u00e7\u00e3o do vereador Os\u00f3rio Antunes, que recebeu a demanda diretamente da comunidade. \u201cEsta obra \u00e9 um compromisso com a popula\u00e7\u00e3o do bairro Timba\u00fava, e com ela, buscamos melhorar a qualidade de vida dos moradores, garantindo mais seguran\u00e7a e conforto para todos\u201d.<\/p>\n\n\n\n<p>O prazo para conclus\u00e3o da obra \u00e9 de 120 dias, conforme estipulado no contrato.<\/p>\n","protected":false},"excerpt":{"rendered":"<p>O prefeito Marcos Knorst (Migue), assinou a ordem de in\u00edcio da obra de pavimenta\u00e7\u00e3o asf\u00e1ltica da Rua Timb\u00f3, no bairro<\/p>\n","protected":false},"author":6,"featured_media":12238,"comment_status":"closed","ping_status":"closed","sticky":false,"template":"","format":"standard","meta":{"footnotes":""},"categories":[4,22],"tags":[],"class_list":["post-12236","post","type-post","status-publish","format-standard","has-post-thumbnail","hentry","category-noticias","category-secretaria-municipal-de-planejamento-e-habitacao"],"aioseo_notices":[],"_links":{"self":[{"href":"https:\/\/prefeitura.santarosa.rs.gov.br\/index.php?rest_route=\/wp\/v2\/posts\/12236","targetHints":{"allow":["GET"]}}],"collection":[{"href":"https:\/\/prefeitura.santarosa.rs.gov.br\/index.php?rest_route=\/wp\/v2\/posts"}],"about":[{"href":"https:\/\/prefeitura.santarosa.rs.gov.br\/index.php?rest_route=\/wp\/v2\/types\/post"}],"author":[{"embeddable":true,"href":"https:\/\/prefeitura.santarosa.rs.gov.br\/index.php?rest_route=\/wp\/v2\/users\/6"}],"replies":[{"embeddable":true,"href":"https:\/\/prefeitura.santarosa.rs.gov.br\/index.php?rest_route=%2Fwp%2Fv2%2Fcomments&post=12236"}],"version-history":[{"count":1,"href":"https:\/\/prefeitura.santarosa.rs.gov.br\/index.php?rest_route=\/wp\/v2\/posts\/12236\/revisions"}],"predecessor-version":[{"id":12239,"href":"https:\/\/prefeitura.santarosa.rs.gov.br\/index.php?rest_route=\/wp\/v2\/posts\/12236\/revisions\/12239"}],"wp:featuredmedia":[{"embeddable":true,"href":"https:\/\/prefeitura.santarosa.rs.gov.br\/index.php?rest_route=\/wp\/v2\/media\/12238"}],"wp:attachment":[{"href":"https:\/\/prefeitura.santarosa.rs.gov.br\/index.php?rest_route=%2Fwp%2Fv2%2Fmedia&parent=12236"}],"wp:term":[{"taxonomy":"category","embeddable":true,"href":"https:\/\/prefeitura.santarosa.rs.gov.br\/index.php?rest_route=%2Fwp%2Fv2%2Fcategories&post=12236"},{"taxonomy":"post_tag","embeddable":true,"href":"https:\/\/prefeitura.santarosa.rs.gov.br\/index.php?rest_route=%2Fwp%2Fv2%2Ftags&post=12236"}],"curies":[{"name":"wp","href":"https:\/\/api.w.org\/{rel}","templated":true}]}}