{"id":12233,"date":"2024-12-26T17:31:13","date_gmt":"2024-12-26T20:31:13","guid":{"rendered":"https:\/\/prefeitura.santarosa.rs.gov.br\/?p=12233"},"modified":"2024-12-26T17:31:13","modified_gmt":"2024-12-26T20:31:13","slug":"bairro-sao-francisco-e-contemplado-com-obras-de-pavimentacao","status":"publish","type":"post","link":"https:\/\/prefeitura.santarosa.rs.gov.br\/?p=12233","title":{"rendered":"Bairro S\u00e3o Francisco \u00e9 contemplado com obras de pavimenta\u00e7\u00e3o"},"content":{"rendered":"\n<figure class=\"wp-block-image size-full\"><img fetchpriority=\"high\" decoding=\"async\" width=\"860\" height=\"645\" src=\"https:\/\/prefeitura.santarosa.rs.gov.br\/wp-content\/uploads\/2024\/12\/Formato-Site-e-Portal-860X645-JPG-26-1.jpg\" alt=\"\" class=\"wp-image-12234\" srcset=\"https:\/\/prefeitura.santarosa.rs.gov.br\/wp-content\/uploads\/2024\/12\/Formato-Site-e-Portal-860X645-JPG-26-1.jpg 860w, https:\/\/prefeitura.santarosa.rs.gov.br\/wp-content\/uploads\/2024\/12\/Formato-Site-e-Portal-860X645-JPG-26-1-300x225.jpg 300w, https:\/\/prefeitura.santarosa.rs.gov.br\/wp-content\/uploads\/2024\/12\/Formato-Site-e-Portal-860X645-JPG-26-1-768x576.jpg 768w\" sizes=\"(max-width: 860px) 100vw, 860px\" \/><\/figure>\n\n\n\n<p>Os moradores do bairro S\u00e3o Francisco ter\u00e3o tr\u00eas novas ruas asfaltadas. Foi assinada nessa quinta-feira, pelo prefeito Marcos Knorst (Migue), a ordem de in\u00edcio da pavimenta\u00e7\u00e3o asf\u00e1ltica para as ruas Conde de Porto Alegre, Papagaios e Francisco Dani. Cerca de R$ 940 mil ser\u00e3o investidos nos locais.<\/p>\n\n\n\n<p>A solicita\u00e7\u00e3o dessas obras foi feita por Maicon Zamboni durante o per\u00edodo em que exerceu o cargo de vereador de Santa Rosa, &#8220;Recebemos essas demandas dos moradores da S\u00e3o Francisco e hoje conseguimos avan\u00e7ar com esses projetos, assinando a ordem de in\u00edcio. Essas obras de asfalto v\u00e3o qualificar e muito, o bem-estar da comunidade local, oferecendo mais infraestrutura para o bairro&#8221;, ressaltou Maicon.<\/p>\n\n\n\n<p>O prazo de execu\u00e7\u00e3o das obras ser\u00e1 de 90 dias para a Rua Conde de Porto Alegre e de 120 dias para as ruas Papagaios e Francisco Dani.<\/p>\n","protected":false},"excerpt":{"rendered":"<p>Os moradores do bairro S\u00e3o Francisco ter\u00e3o tr\u00eas novas ruas asfaltadas. Foi assinada nessa quinta-feira, pelo prefeito Marcos Knorst (Migue),<\/p>\n","protected":false},"author":6,"featured_media":12234,"comment_status":"closed","ping_status":"closed","sticky":false,"template":"","format":"standard","meta":{"footnotes":""},"categories":[4,22],"tags":[],"class_list":["post-12233","post","type-post","status-publish","format-standard","has-post-thumbnail","hentry","category-noticias","category-secretaria-municipal-de-planejamento-e-habitacao"],"aioseo_notices":[],"_links":{"self":[{"href":"https:\/\/prefeitura.santarosa.rs.gov.br\/index.php?rest_route=\/wp\/v2\/posts\/12233","targetHints":{"allow":["GET"]}}],"collection":[{"href":"https:\/\/prefeitura.santarosa.rs.gov.br\/index.php?rest_route=\/wp\/v2\/posts"}],"about":[{"href":"https:\/\/prefeitura.santarosa.rs.gov.br\/index.php?rest_route=\/wp\/v2\/types\/post"}],"author":[{"embeddable":true,"href":"https:\/\/prefeitura.santarosa.rs.gov.br\/index.php?rest_route=\/wp\/v2\/users\/6"}],"replies":[{"embeddable":true,"href":"https:\/\/prefeitura.santarosa.rs.gov.br\/index.php?rest_route=%2Fwp%2Fv2%2Fcomments&post=12233"}],"version-history":[{"count":1,"href":"https:\/\/prefeitura.santarosa.rs.gov.br\/index.php?rest_route=\/wp\/v2\/posts\/12233\/revisions"}],"predecessor-version":[{"id":12235,"href":"https:\/\/prefeitura.santarosa.rs.gov.br\/index.php?rest_route=\/wp\/v2\/posts\/12233\/revisions\/12235"}],"wp:featuredmedia":[{"embeddable":true,"href":"https:\/\/prefeitura.santarosa.rs.gov.br\/index.php?rest_route=\/wp\/v2\/media\/12234"}],"wp:attachment":[{"href":"https:\/\/prefeitura.santarosa.rs.gov.br\/index.php?rest_route=%2Fwp%2Fv2%2Fmedia&parent=12233"}],"wp:term":[{"taxonomy":"category","embeddable":true,"href":"https:\/\/prefeitura.santarosa.rs.gov.br\/index.php?rest_route=%2Fwp%2Fv2%2Fcategories&post=12233"},{"taxonomy":"post_tag","embeddable":true,"href":"https:\/\/prefeitura.santarosa.rs.gov.br\/index.php?rest_route=%2Fwp%2Fv2%2Ftags&post=12233"}],"curies":[{"name":"wp","href":"https:\/\/api.w.org\/{rel}","templated":true}]}}