{"id":12224,"date":"2024-12-26T10:54:11","date_gmt":"2024-12-26T13:54:11","guid":{"rendered":"https:\/\/prefeitura.santarosa.rs.gov.br\/?p=12224"},"modified":"2024-12-26T10:54:11","modified_gmt":"2024-12-26T13:54:11","slug":"marcos-knorst-assume-como-prefeito-de-santa-rosa","status":"publish","type":"post","link":"https:\/\/prefeitura.santarosa.rs.gov.br\/?p=12224","title":{"rendered":"Marcos Knorst assume como Prefeito de Santa Rosa"},"content":{"rendered":"\n<figure class=\"wp-block-image size-full\"><img fetchpriority=\"high\" decoding=\"async\" width=\"860\" height=\"645\" src=\"https:\/\/prefeitura.santarosa.rs.gov.br\/wp-content\/uploads\/2024\/12\/Formato-Site-e-Portal-860X645-JPG-24-1.jpg\" alt=\"\" class=\"wp-image-12225\" srcset=\"https:\/\/prefeitura.santarosa.rs.gov.br\/wp-content\/uploads\/2024\/12\/Formato-Site-e-Portal-860X645-JPG-24-1.jpg 860w, https:\/\/prefeitura.santarosa.rs.gov.br\/wp-content\/uploads\/2024\/12\/Formato-Site-e-Portal-860X645-JPG-24-1-300x225.jpg 300w, https:\/\/prefeitura.santarosa.rs.gov.br\/wp-content\/uploads\/2024\/12\/Formato-Site-e-Portal-860X645-JPG-24-1-768x576.jpg 768w\" sizes=\"(max-width: 860px) 100vw, 860px\" \/><\/figure>\n\n\n\n<p>Na manh\u00e3 desta quinta-feira (26), o Presidente da C\u00e2mara Municipal de Vereadores, Marcos Knorst (Migue), assumiu como Prefeito de Santa Rosa, enquanto Anderson Mantei e Aldemir Ulrich est\u00e3o de f\u00e9rias. At\u00e9 o dia 28 de dezembro, Migue estar\u00e1 \u00e0 frente do Poder Executivo. A posse ocorreu no audit\u00f3rio do gabinete, com a presen\u00e7a de colegas, amigos e familiares.<\/p>\n\n\n\n<p>Marcos j\u00e1 havia exercido a fun\u00e7\u00e3o de prefeito por uma semana em 2019. Com mais de 12 anos de experi\u00eancia na pol\u00edtica, o vereador, natural de S\u00e3o Martinho, reside em Santa Rosa h\u00e1 mais de 25 anos. Ao assumir oficialmente o cargo de prefeito, ele destacou a import\u00e2ncia deste momento e a responsabilidade de administrar o munic\u00edpio nos pr\u00f3ximos dias, \u201cEste \u00e9 um momento muito especial e de grande responsabilidade. Como pol\u00edtico, seja no cargo de vereador ou agora como prefeito em exerc\u00edcio, meu objetivo \u00e9 contribuir com a\u00e7\u00f5es que fa\u00e7am a diferen\u00e7a e melhorem a vida das pessoas. O que eu puder fazer para ajudar a comunidade e o desenvolvimento do munic\u00edpio, estarei \u00e0 disposi\u00e7\u00e3o\u201d.<\/p>\n\n\n\n<p>Ap\u00f3s o ato de posse, o prefeito concedeu entrevista para a r\u00e1dio e acompanhou a execu\u00e7\u00e3o da obra de revitaliza\u00e7\u00e3o da Pra\u00e7a de Cruzeiro. Nesta quinta, sexta-feira e s\u00e1bado, Migue cumprir\u00e1 diversas agendas e tamb\u00e9m assinar\u00e1 importantes ordens de in\u00edcio para Santa Rosa.<\/p>\n\n\n\n<p><\/p>\n","protected":false},"excerpt":{"rendered":"<p>Na manh\u00e3 desta quinta-feira (26), o Presidente da C\u00e2mara Municipal de Vereadores, Marcos Knorst (Migue), assumiu como Prefeito de Santa<\/p>\n","protected":false},"author":6,"featured_media":12226,"comment_status":"closed","ping_status":"open","sticky":false,"template":"","format":"standard","meta":{"footnotes":""},"categories":[4,3],"tags":[],"class_list":["post-12224","post","type-post","status-publish","format-standard","has-post-thumbnail","hentry","category-noticias","category-gabinete-do-prefeito"],"aioseo_notices":[],"_links":{"self":[{"href":"https:\/\/prefeitura.santarosa.rs.gov.br\/index.php?rest_route=\/wp\/v2\/posts\/12224","targetHints":{"allow":["GET"]}}],"collection":[{"href":"https:\/\/prefeitura.santarosa.rs.gov.br\/index.php?rest_route=\/wp\/v2\/posts"}],"about":[{"href":"https:\/\/prefeitura.santarosa.rs.gov.br\/index.php?rest_route=\/wp\/v2\/types\/post"}],"author":[{"embeddable":true,"href":"https:\/\/prefeitura.santarosa.rs.gov.br\/index.php?rest_route=\/wp\/v2\/users\/6"}],"replies":[{"embeddable":true,"href":"https:\/\/prefeitura.santarosa.rs.gov.br\/index.php?rest_route=%2Fwp%2Fv2%2Fcomments&post=12224"}],"version-history":[{"count":1,"href":"https:\/\/prefeitura.santarosa.rs.gov.br\/index.php?rest_route=\/wp\/v2\/posts\/12224\/revisions"}],"predecessor-version":[{"id":12227,"href":"https:\/\/prefeitura.santarosa.rs.gov.br\/index.php?rest_route=\/wp\/v2\/posts\/12224\/revisions\/12227"}],"wp:featuredmedia":[{"embeddable":true,"href":"https:\/\/prefeitura.santarosa.rs.gov.br\/index.php?rest_route=\/wp\/v2\/media\/12226"}],"wp:attachment":[{"href":"https:\/\/prefeitura.santarosa.rs.gov.br\/index.php?rest_route=%2Fwp%2Fv2%2Fmedia&parent=12224"}],"wp:term":[{"taxonomy":"category","embeddable":true,"href":"https:\/\/prefeitura.santarosa.rs.gov.br\/index.php?rest_route=%2Fwp%2Fv2%2Fcategories&post=12224"},{"taxonomy":"post_tag","embeddable":true,"href":"https:\/\/prefeitura.santarosa.rs.gov.br\/index.php?rest_route=%2Fwp%2Fv2%2Ftags&post=12224"}],"curies":[{"name":"wp","href":"https:\/\/api.w.org\/{rel}","templated":true}]}}