{"id":12219,"date":"2024-12-24T08:20:13","date_gmt":"2024-12-24T11:20:13","guid":{"rendered":"https:\/\/prefeitura.santarosa.rs.gov.br\/?p=12219"},"modified":"2024-12-24T08:20:13","modified_gmt":"2024-12-24T11:20:13","slug":"vice-governador-esta-em-santa-rosa","status":"publish","type":"post","link":"https:\/\/prefeitura.santarosa.rs.gov.br\/?p=12219","title":{"rendered":"Vice-governador est\u00e1 em Santa Rosa"},"content":{"rendered":"\n<figure class=\"wp-block-image size-full\"><img fetchpriority=\"high\" decoding=\"async\" width=\"860\" height=\"645\" src=\"https:\/\/prefeitura.santarosa.rs.gov.br\/wp-content\/uploads\/2024\/12\/Formato-Site-e-Portal-860X645-JPG-2024-12-24T081810.445.jpg\" alt=\"\" class=\"wp-image-12220\" srcset=\"https:\/\/prefeitura.santarosa.rs.gov.br\/wp-content\/uploads\/2024\/12\/Formato-Site-e-Portal-860X645-JPG-2024-12-24T081810.445.jpg 860w, https:\/\/prefeitura.santarosa.rs.gov.br\/wp-content\/uploads\/2024\/12\/Formato-Site-e-Portal-860X645-JPG-2024-12-24T081810.445-300x225.jpg 300w, https:\/\/prefeitura.santarosa.rs.gov.br\/wp-content\/uploads\/2024\/12\/Formato-Site-e-Portal-860X645-JPG-2024-12-24T081810.445-768x576.jpg 768w\" sizes=\"(max-width: 860px) 100vw, 860px\" \/><\/figure>\n\n\n\n<p>O vice-governador do Rio Grande do Sul, Gabriel Souza chegou nesta segunda-feira (23), em Santa Rosa para tratativas do projeto de constru\u00e7\u00e3o da Ponte Internacional Porto Mau\u00e1-Alba Posse. Gabriel foi recepcionado pelo prefeito Anderson Mantei no Pal\u00e1cio 14 de Julho e por outras lideran\u00e7as da regi\u00e3o e da Funda\u00e7\u00e3o Pr\u00f3-Ponte. O Governo do Rio Grande Sul garantiu recursos para a execu\u00e7\u00e3o do projeto.<\/p>\n\n\n\n<p>O objetivo das lideran\u00e7as \u00e9 agilizar a licita\u00e7\u00e3o da obra. O prefeito Anderson destacou que a constru\u00e7\u00e3o da ponte ser\u00e1 estrat\u00e9gica para fortalecer o com\u00e9rcio e o turismo entre os dois pa\u00edses, \u201cEssa \u00e9 uma obra t\u00e3o sonhada por todos n\u00f3s e que agora avan\u00e7a com este importante recurso do Governo Estadual. Estamos empenhados para agilizar os tr\u00e2mites burocr\u00e1ticos e assim, dar continuidade a esse importante projeto\u201d.<\/p>\n\n\n\n<p>Ap\u00f3s a reuni\u00e3o, o vice-governador visitou os locais da constru\u00e7\u00e3o das 60 casas do Programa \u201cA Casa \u00e9 Sua\u201d em Santa Rosa. Ele esteve tamb\u00e9m no Centro Cultural Prof. Fioravante Pedrazani. Participaram do encontro, o Deputado Estadual, Alo\u00edsio Classmann, o Assessor Superior na Secretaria da Casa Civil, Fernando Classmann, o Prefeito eleito de Porto Mau\u00e1, Carlos C\u00e9sar Dinon (Manico), o Prefeito eleito de Tuparendi, J\u00falio Mattiazzi e o Prefeito reeleito de Tr\u00eas de Maio, Marcos Corso (vice-presidente da Funda\u00e7\u00e3o Pr\u00f3-Ponte), al\u00e9m de vereadores de Santa Rosa.<\/p>\n","protected":false},"excerpt":{"rendered":"<p>O vice-governador do Rio Grande do Sul, Gabriel Souza chegou nesta segunda-feira (23), em Santa Rosa para tratativas do projeto<\/p>\n","protected":false},"author":6,"featured_media":12221,"comment_status":"closed","ping_status":"open","sticky":false,"template":"","format":"standard","meta":{"footnotes":""},"categories":[4,3],"tags":[],"class_list":["post-12219","post","type-post","status-publish","format-standard","has-post-thumbnail","hentry","category-noticias","category-gabinete-do-prefeito"],"aioseo_notices":[],"_links":{"self":[{"href":"https:\/\/prefeitura.santarosa.rs.gov.br\/index.php?rest_route=\/wp\/v2\/posts\/12219","targetHints":{"allow":["GET"]}}],"collection":[{"href":"https:\/\/prefeitura.santarosa.rs.gov.br\/index.php?rest_route=\/wp\/v2\/posts"}],"about":[{"href":"https:\/\/prefeitura.santarosa.rs.gov.br\/index.php?rest_route=\/wp\/v2\/types\/post"}],"author":[{"embeddable":true,"href":"https:\/\/prefeitura.santarosa.rs.gov.br\/index.php?rest_route=\/wp\/v2\/users\/6"}],"replies":[{"embeddable":true,"href":"https:\/\/prefeitura.santarosa.rs.gov.br\/index.php?rest_route=%2Fwp%2Fv2%2Fcomments&post=12219"}],"version-history":[{"count":1,"href":"https:\/\/prefeitura.santarosa.rs.gov.br\/index.php?rest_route=\/wp\/v2\/posts\/12219\/revisions"}],"predecessor-version":[{"id":12222,"href":"https:\/\/prefeitura.santarosa.rs.gov.br\/index.php?rest_route=\/wp\/v2\/posts\/12219\/revisions\/12222"}],"wp:featuredmedia":[{"embeddable":true,"href":"https:\/\/prefeitura.santarosa.rs.gov.br\/index.php?rest_route=\/wp\/v2\/media\/12221"}],"wp:attachment":[{"href":"https:\/\/prefeitura.santarosa.rs.gov.br\/index.php?rest_route=%2Fwp%2Fv2%2Fmedia&parent=12219"}],"wp:term":[{"taxonomy":"category","embeddable":true,"href":"https:\/\/prefeitura.santarosa.rs.gov.br\/index.php?rest_route=%2Fwp%2Fv2%2Fcategories&post=12219"},{"taxonomy":"post_tag","embeddable":true,"href":"https:\/\/prefeitura.santarosa.rs.gov.br\/index.php?rest_route=%2Fwp%2Fv2%2Ftags&post=12219"}],"curies":[{"name":"wp","href":"https:\/\/api.w.org\/{rel}","templated":true}]}}