{"id":12213,"date":"2024-12-23T14:38:17","date_gmt":"2024-12-23T17:38:17","guid":{"rendered":"https:\/\/prefeitura.santarosa.rs.gov.br\/?p=12213"},"modified":"2024-12-23T17:02:13","modified_gmt":"2024-12-23T20:02:13","slug":"santa-rosa-tem-novos-projetos-aprovados-no-programa-avancar-mais-no-esporte","status":"publish","type":"post","link":"https:\/\/prefeitura.santarosa.rs.gov.br\/?p=12213","title":{"rendered":"Santa Rosa tem novos projetos aprovados no programa Avan\u00e7ar Mais no Esporte"},"content":{"rendered":"\n<figure class=\"wp-block-image size-full\"><img fetchpriority=\"high\" decoding=\"async\" width=\"860\" height=\"645\" src=\"https:\/\/prefeitura.santarosa.rs.gov.br\/wp-content\/uploads\/2024\/12\/Formato-Site-e-Portal-860X645-JPG-23-1.jpg\" alt=\"\" class=\"wp-image-12214\" srcset=\"https:\/\/prefeitura.santarosa.rs.gov.br\/wp-content\/uploads\/2024\/12\/Formato-Site-e-Portal-860X645-JPG-23-1.jpg 860w, https:\/\/prefeitura.santarosa.rs.gov.br\/wp-content\/uploads\/2024\/12\/Formato-Site-e-Portal-860X645-JPG-23-1-300x225.jpg 300w, https:\/\/prefeitura.santarosa.rs.gov.br\/wp-content\/uploads\/2024\/12\/Formato-Site-e-Portal-860X645-JPG-23-1-768x576.jpg 768w\" sizes=\"(max-width: 860px) 100vw, 860px\" \/><\/figure>\n\n\n\n<p>Santa Rosa foi contemplada com o programa Avan\u00e7ar Mais no Esporte. Na \u00faltima sexta-feira (20), foi assinado o conv\u00eanio com o governo do Estado, por meio da Secretaria do Esporte e Lazer (SEL), destinando recursos para o munic\u00edpio. Ao todo, R$ 700 mil ser\u00e3o repassados para melhorias no Est\u00e1dio Municipal Carlos Denardin. Al\u00e9m dos repasses do Estado, o munic\u00edpio complementar\u00e1 os recursos com cerca de R$ 520 mil de contrapartida.<\/p>\n\n\n\n<p>Os investimentos ser\u00e3o direcionados para duas modalidades do programa Avan\u00e7ar Mais no Esporte: Infraestrutura Esportiva e Ilumina Esporte. O projeto de Infraestrutura Esportiva prev\u00ea a constru\u00e7\u00e3o de uma pista de corrida ao redor do campo do Est\u00e1dio Carlos Denardin e a cria\u00e7\u00e3o de um campo de futebol 7. J\u00e1 os recursos do Ilumina Esporte ser\u00e3o usados para a instala\u00e7\u00e3o de ilumina\u00e7\u00e3o de LED nos novos espa\u00e7os. O prefeito Anderson Mantei destacou a import\u00e2ncia do conv\u00eanio para o desenvolvimento do esporte em Santa Rosa, &#8220;Esses investimentos representam um grande avan\u00e7o para Santa Rosa. S\u00e3o novos espa\u00e7os esportivos que v\u00e3o melhorar a infraestrutura do est\u00e1dio e beneficiar n\u00e3o s\u00f3 os atletas locais, mas toda a comunidade&#8221;.<\/p>\n\n\n\n<p>Com o conv\u00eanio assinado, os pr\u00f3ximos passos ser\u00e3o a licita\u00e7\u00e3o e a contrata\u00e7\u00e3o das obras.<\/p>\n\n\n\n<p>Projeto doado pela arquiteta Vanessa Eidt.<\/p>\n","protected":false},"excerpt":{"rendered":"<p>Santa Rosa foi contemplada com o programa Avan\u00e7ar Mais no Esporte. Na \u00faltima sexta-feira (20), foi assinado o conv\u00eanio com<\/p>\n","protected":false},"author":6,"featured_media":12215,"comment_status":"closed","ping_status":"closed","sticky":false,"template":"","format":"standard","meta":{"footnotes":""},"categories":[4,19,22],"tags":[],"class_list":["post-12213","post","type-post","status-publish","format-standard","has-post-thumbnail","hentry","category-noticias","category-secretaria-municipal-de-esporte","category-secretaria-municipal-de-planejamento-e-habitacao"],"aioseo_notices":[],"_links":{"self":[{"href":"https:\/\/prefeitura.santarosa.rs.gov.br\/index.php?rest_route=\/wp\/v2\/posts\/12213","targetHints":{"allow":["GET"]}}],"collection":[{"href":"https:\/\/prefeitura.santarosa.rs.gov.br\/index.php?rest_route=\/wp\/v2\/posts"}],"about":[{"href":"https:\/\/prefeitura.santarosa.rs.gov.br\/index.php?rest_route=\/wp\/v2\/types\/post"}],"author":[{"embeddable":true,"href":"https:\/\/prefeitura.santarosa.rs.gov.br\/index.php?rest_route=\/wp\/v2\/users\/6"}],"replies":[{"embeddable":true,"href":"https:\/\/prefeitura.santarosa.rs.gov.br\/index.php?rest_route=%2Fwp%2Fv2%2Fcomments&post=12213"}],"version-history":[{"count":2,"href":"https:\/\/prefeitura.santarosa.rs.gov.br\/index.php?rest_route=\/wp\/v2\/posts\/12213\/revisions"}],"predecessor-version":[{"id":12217,"href":"https:\/\/prefeitura.santarosa.rs.gov.br\/index.php?rest_route=\/wp\/v2\/posts\/12213\/revisions\/12217"}],"wp:featuredmedia":[{"embeddable":true,"href":"https:\/\/prefeitura.santarosa.rs.gov.br\/index.php?rest_route=\/wp\/v2\/media\/12215"}],"wp:attachment":[{"href":"https:\/\/prefeitura.santarosa.rs.gov.br\/index.php?rest_route=%2Fwp%2Fv2%2Fmedia&parent=12213"}],"wp:term":[{"taxonomy":"category","embeddable":true,"href":"https:\/\/prefeitura.santarosa.rs.gov.br\/index.php?rest_route=%2Fwp%2Fv2%2Fcategories&post=12213"},{"taxonomy":"post_tag","embeddable":true,"href":"https:\/\/prefeitura.santarosa.rs.gov.br\/index.php?rest_route=%2Fwp%2Fv2%2Ftags&post=12213"}],"curies":[{"name":"wp","href":"https:\/\/api.w.org\/{rel}","templated":true}]}}