{"id":12208,"date":"2024-12-20T17:26:58","date_gmt":"2024-12-20T20:26:58","guid":{"rendered":"https:\/\/prefeitura.santarosa.rs.gov.br\/?p=12208"},"modified":"2024-12-20T17:26:58","modified_gmt":"2024-12-20T20:26:58","slug":"rede-municipal-de-ensino-encerrou-o-ano-letivo-na-quarta-feira","status":"publish","type":"post","link":"https:\/\/prefeitura.santarosa.rs.gov.br\/?p=12208","title":{"rendered":"Rede Municipal de Ensino encerrou o ano letivo na quarta-feira"},"content":{"rendered":"\n<figure class=\"wp-block-image size-full\"><img fetchpriority=\"high\" decoding=\"async\" width=\"860\" height=\"645\" src=\"https:\/\/prefeitura.santarosa.rs.gov.br\/wp-content\/uploads\/2024\/12\/Formato-Site-e-Portal-860X645-JPG-22-1.jpg\" alt=\"\" class=\"wp-image-12209\" srcset=\"https:\/\/prefeitura.santarosa.rs.gov.br\/wp-content\/uploads\/2024\/12\/Formato-Site-e-Portal-860X645-JPG-22-1.jpg 860w, https:\/\/prefeitura.santarosa.rs.gov.br\/wp-content\/uploads\/2024\/12\/Formato-Site-e-Portal-860X645-JPG-22-1-300x225.jpg 300w, https:\/\/prefeitura.santarosa.rs.gov.br\/wp-content\/uploads\/2024\/12\/Formato-Site-e-Portal-860X645-JPG-22-1-768x576.jpg 768w\" sizes=\"(max-width: 860px) 100vw, 860px\" \/><\/figure>\n\n\n\n<p>Ap\u00f3s mais de 200 dias dedicados ao aprendizado, encerrou o ano letivo da Rede Municipal de Ensino de Santa Rosa. Os estudantes de pr\u00e9-escola ao 9\u00ba ano das escolas municipais tiveram na quarta-feira (18), seu \u00faltimo dia de aula de 2024. Nas Escolas de Educa\u00e7\u00e3o Infantil (EMEIs), o atendimento das turmas de Ber\u00e7\u00e1rio e Maternal ir\u00e1 continuar em regime de plant\u00e3o at\u00e9 o dia 30 de dezembro. Durante o ano, mais de sete mil crian\u00e7as e adolescentes foram atendidos nas 34 escolas da Rede Municipal, sendo 20 EMEIs e 14 EMEFs, al\u00e9m das mais de 300 vagas disponibilizadas atrav\u00e9s de parceria com a APAE, APADA e AMA.<\/p>\n\n\n\n<p>A Prefeitura informa aos pais que o processo de matr\u00edculas, novas matr\u00edculas e solicita\u00e7\u00f5es de transfer\u00eancias entre as escolas da rede j\u00e1 foi realizado durante o m\u00eas de dezembro. Nesta semana, as \u00faltimas confirma\u00e7\u00f5es est\u00e3o sendo feitas. Dessa forma, as fam\u00edlias respons\u00e1veis pelas crian\u00e7as que ir\u00e3o completar 4 anos at\u00e9 o dia 31\/03\/2025 devem entrar em contato com a Secretaria de Educa\u00e7\u00e3o para a organiza\u00e7\u00e3o da vaga, uma vez que a frequ\u00eancia escolar nesta faixa et\u00e1ria \u00e9 obrigat\u00f3ria. A Secret\u00e1ria de Educa\u00e7\u00e3o, Josyane Heck, destacou o trabalho desenvolvido ao longo do ano, &#8220;Este ano foi de grandes desafios e conquistas para a nossa Rede Municipal de Ensino. Queremos agradecer a dedica\u00e7\u00e3o de professores, alunos e fam\u00edlias, pois esse trabalho em conjunto faz toda a diferen\u00e7a para que as nossas crian\u00e7as e adolescentes possam aproveitar ao m\u00e1ximo as oportunidades de aprendizagem&#8221;.<\/p>\n\n\n\n<p>Para as fam\u00edlias que solicitaram vaga em creche, o relat\u00f3rio da Central de Vagas ser\u00e1 disponibilizado na \u00faltima semana de janeiro no site da Prefeitura (referente ao primeiro lote de vagas de ber\u00e7\u00e1rios e maternais). As Escolas Municipais de Ensino Fundamental (EMEFs) e as EMEIs: Olhar de Crian\u00e7a &#8211; Unidade 1, EMEI Expedicion\u00e1rio Weber e EMEI Her\u00f3is do Futuro estar\u00e3o em atendimento, caso necess\u00e1rio, em hor\u00e1rio padr\u00e3o a partir de 23\/12\/2024, das 07h \u00e0s 11h e das 11h30min \u00e0s 15h30min. As demais EMEIs estar\u00e3o fechadas durante o m\u00eas de janeiro\/2025, com exce\u00e7\u00e3o da EMEI Vov\u00f3 Shen, que ir\u00e1 seguir em funcionamento conforme organiza\u00e7\u00e3o diferenciada. As EMEFs estar\u00e3o abertas para informa\u00e7\u00f5es e retirada de documentos at\u00e9 o dia 10\/01\/2025, no hor\u00e1rio informado acima. Ap\u00f3s essa data, qualquer solicita\u00e7\u00e3o dever\u00e1 ser realizada diretamente na Secretaria Municipal de Educa\u00e7\u00e3o e Cultura (SMEC).<\/p>\n\n\n\n<p>O in\u00edcio do ano letivo de 2025, com atendimento aos estudantes, ir\u00e1 ocorrer no dia 10\/02\/2025.<\/p>\n","protected":false},"excerpt":{"rendered":"<p>Ap\u00f3s mais de 200 dias dedicados ao aprendizado, encerrou o ano letivo da Rede Municipal de Ensino de Santa Rosa.<\/p>\n","protected":false},"author":6,"featured_media":12210,"comment_status":"closed","ping_status":"closed","sticky":false,"template":"","format":"standard","meta":{"footnotes":""},"categories":[4,18],"tags":[],"class_list":["post-12208","post","type-post","status-publish","format-standard","has-post-thumbnail","hentry","category-noticias","category-secretaria-municipal-de-educacao-e-cultura"],"aioseo_notices":[],"_links":{"self":[{"href":"https:\/\/prefeitura.santarosa.rs.gov.br\/index.php?rest_route=\/wp\/v2\/posts\/12208","targetHints":{"allow":["GET"]}}],"collection":[{"href":"https:\/\/prefeitura.santarosa.rs.gov.br\/index.php?rest_route=\/wp\/v2\/posts"}],"about":[{"href":"https:\/\/prefeitura.santarosa.rs.gov.br\/index.php?rest_route=\/wp\/v2\/types\/post"}],"author":[{"embeddable":true,"href":"https:\/\/prefeitura.santarosa.rs.gov.br\/index.php?rest_route=\/wp\/v2\/users\/6"}],"replies":[{"embeddable":true,"href":"https:\/\/prefeitura.santarosa.rs.gov.br\/index.php?rest_route=%2Fwp%2Fv2%2Fcomments&post=12208"}],"version-history":[{"count":1,"href":"https:\/\/prefeitura.santarosa.rs.gov.br\/index.php?rest_route=\/wp\/v2\/posts\/12208\/revisions"}],"predecessor-version":[{"id":12211,"href":"https:\/\/prefeitura.santarosa.rs.gov.br\/index.php?rest_route=\/wp\/v2\/posts\/12208\/revisions\/12211"}],"wp:featuredmedia":[{"embeddable":true,"href":"https:\/\/prefeitura.santarosa.rs.gov.br\/index.php?rest_route=\/wp\/v2\/media\/12210"}],"wp:attachment":[{"href":"https:\/\/prefeitura.santarosa.rs.gov.br\/index.php?rest_route=%2Fwp%2Fv2%2Fmedia&parent=12208"}],"wp:term":[{"taxonomy":"category","embeddable":true,"href":"https:\/\/prefeitura.santarosa.rs.gov.br\/index.php?rest_route=%2Fwp%2Fv2%2Fcategories&post=12208"},{"taxonomy":"post_tag","embeddable":true,"href":"https:\/\/prefeitura.santarosa.rs.gov.br\/index.php?rest_route=%2Fwp%2Fv2%2Ftags&post=12208"}],"curies":[{"name":"wp","href":"https:\/\/api.w.org\/{rel}","templated":true}]}}