{"id":12204,"date":"2024-12-20T16:44:23","date_gmt":"2024-12-20T19:44:23","guid":{"rendered":"https:\/\/prefeitura.santarosa.rs.gov.br\/?p=12204"},"modified":"2024-12-20T16:44:23","modified_gmt":"2024-12-20T19:44:23","slug":"grupo-saude-na-pratica-e-concluido-na-ubs-julio-de-oliveira","status":"publish","type":"post","link":"https:\/\/prefeitura.santarosa.rs.gov.br\/?p=12204","title":{"rendered":"Grupo Sa\u00fade na Pr\u00e1tica \u00e9 conclu\u00eddo na UBS J\u00falio de Oliveira"},"content":{"rendered":"\n<figure class=\"wp-block-image size-full\"><img fetchpriority=\"high\" decoding=\"async\" width=\"860\" height=\"645\" src=\"https:\/\/prefeitura.santarosa.rs.gov.br\/wp-content\/uploads\/2024\/12\/Formato-Site-e-Portal-860X645-JPG-21-1.jpg\" alt=\"\" class=\"wp-image-12205\" srcset=\"https:\/\/prefeitura.santarosa.rs.gov.br\/wp-content\/uploads\/2024\/12\/Formato-Site-e-Portal-860X645-JPG-21-1.jpg 860w, https:\/\/prefeitura.santarosa.rs.gov.br\/wp-content\/uploads\/2024\/12\/Formato-Site-e-Portal-860X645-JPG-21-1-300x225.jpg 300w, https:\/\/prefeitura.santarosa.rs.gov.br\/wp-content\/uploads\/2024\/12\/Formato-Site-e-Portal-860X645-JPG-21-1-768x576.jpg 768w\" sizes=\"(max-width: 860px) 100vw, 860px\" \/><\/figure>\n\n\n\n<p>Nesta semana, a Unidade B\u00e1sica de Sa\u00fade J\u00falio de Oliveira concluiu o Grupo Sa\u00fade na Pr\u00e1tica, iniciativa integrante do Programa Sa\u00fade na Escola (PSE). A a\u00e7\u00e3o foi realizada em colabora\u00e7\u00e3o com o Programa de Resid\u00eancia Multiprofissional em Sa\u00fade da Fam\u00edlia Uniju\u00ed\/FUMSSAR. Diversos encontros foram realizados com foco em dicas e informa\u00e7\u00f5es sobre alimenta\u00e7\u00e3o saud\u00e1vel e pr\u00e1ticas de atividades f\u00edsicas.<\/p>\n\n\n\n<p>Com uma abordagem multiprofissional, o grupo trabalhou de forma psicoeducativa, utilizando recursos l\u00fadicos e pr\u00e1ticas corporais para abordar temas como alimenta\u00e7\u00e3o equilibrada, sa\u00fade mental e a import\u00e2ncia da atividade f\u00edsica regular. A Coordenadora da UBS J\u00falio de Oliveira, Lenita Dalcin, destacou que o principal objetivo foi promover o bem-estar e o cuidado integral das crian\u00e7as atendidas no grupo, \u201cEntendemos que ao trabalhar precocemente podemos modificar h\u00e1bitos disfuncionais e incentivar um estilo de vida saud\u00e1vel\u201d.<\/p>\n\n\n\n<p>No \u00faltimo encontro, Tais Mix, m\u00e3e do participante Murilo, comentou os benef\u00edcios que a participa\u00e7\u00e3o no grupo trouxe para sua fam\u00edlia, \u201cFoi um aprendizado muito importante, n\u00e3o s\u00f3 para o Murilo, mas tamb\u00e9m para n\u00f3s como fam\u00edlia refletirmos e cuidarmos melhor da nossa alimenta\u00e7\u00e3o e daquilo que oferecemos para ele. S\u00e3o h\u00e1bitos b\u00e1sicos que, no dia a dia, muitas vezes esquecemos, mas que impactam diretamente na nossa sa\u00fade. Estamos muito felizes e j\u00e1 percebemos resultados positivos com os encontros realizados aqui na UBS\u201d.<\/p>\n\n\n\n<p>A equipe multiprofissional envolvida foi composta por nutricionista, psic\u00f3loga, m\u00e9dica, educadora f\u00edsica, enfermeira, farmac\u00eautica e Agentes Comunit\u00e1rios de Sa\u00fade.<\/p>\n","protected":false},"excerpt":{"rendered":"<p>Nesta semana, a Unidade B\u00e1sica de Sa\u00fade J\u00falio de Oliveira concluiu o Grupo Sa\u00fade na Pr\u00e1tica, iniciativa integrante do Programa<\/p>\n","protected":false},"author":6,"featured_media":12206,"comment_status":"closed","ping_status":"closed","sticky":false,"template":"","format":"standard","meta":{"footnotes":""},"categories":[4,8],"tags":[],"class_list":["post-12204","post","type-post","status-publish","format-standard","has-post-thumbnail","hentry","category-noticias","category-noticias-fumssar"],"aioseo_notices":[],"_links":{"self":[{"href":"https:\/\/prefeitura.santarosa.rs.gov.br\/index.php?rest_route=\/wp\/v2\/posts\/12204","targetHints":{"allow":["GET"]}}],"collection":[{"href":"https:\/\/prefeitura.santarosa.rs.gov.br\/index.php?rest_route=\/wp\/v2\/posts"}],"about":[{"href":"https:\/\/prefeitura.santarosa.rs.gov.br\/index.php?rest_route=\/wp\/v2\/types\/post"}],"author":[{"embeddable":true,"href":"https:\/\/prefeitura.santarosa.rs.gov.br\/index.php?rest_route=\/wp\/v2\/users\/6"}],"replies":[{"embeddable":true,"href":"https:\/\/prefeitura.santarosa.rs.gov.br\/index.php?rest_route=%2Fwp%2Fv2%2Fcomments&post=12204"}],"version-history":[{"count":1,"href":"https:\/\/prefeitura.santarosa.rs.gov.br\/index.php?rest_route=\/wp\/v2\/posts\/12204\/revisions"}],"predecessor-version":[{"id":12207,"href":"https:\/\/prefeitura.santarosa.rs.gov.br\/index.php?rest_route=\/wp\/v2\/posts\/12204\/revisions\/12207"}],"wp:featuredmedia":[{"embeddable":true,"href":"https:\/\/prefeitura.santarosa.rs.gov.br\/index.php?rest_route=\/wp\/v2\/media\/12206"}],"wp:attachment":[{"href":"https:\/\/prefeitura.santarosa.rs.gov.br\/index.php?rest_route=%2Fwp%2Fv2%2Fmedia&parent=12204"}],"wp:term":[{"taxonomy":"category","embeddable":true,"href":"https:\/\/prefeitura.santarosa.rs.gov.br\/index.php?rest_route=%2Fwp%2Fv2%2Fcategories&post=12204"},{"taxonomy":"post_tag","embeddable":true,"href":"https:\/\/prefeitura.santarosa.rs.gov.br\/index.php?rest_route=%2Fwp%2Fv2%2Ftags&post=12204"}],"curies":[{"name":"wp","href":"https:\/\/api.w.org\/{rel}","templated":true}]}}