{"id":12200,"date":"2024-12-20T15:34:53","date_gmt":"2024-12-20T18:34:53","guid":{"rendered":"https:\/\/prefeitura.santarosa.rs.gov.br\/?p=12200"},"modified":"2024-12-20T15:34:54","modified_gmt":"2024-12-20T18:34:54","slug":"secretaria-de-meio-ambiente-vai-realizar-acao-de-bem-estar-animal-no-proximo-domingo","status":"publish","type":"post","link":"https:\/\/prefeitura.santarosa.rs.gov.br\/?p=12200","title":{"rendered":"Secretaria de Meio Ambiente vai realizar a\u00e7\u00e3o de bem-estar animal no pr\u00f3ximo domingo"},"content":{"rendered":"\n<figure class=\"wp-block-image size-full\"><img fetchpriority=\"high\" decoding=\"async\" width=\"860\" height=\"645\" src=\"https:\/\/prefeitura.santarosa.rs.gov.br\/wp-content\/uploads\/2024\/12\/Formato-Site-e-Portal-860X645-JPG-20-1.jpg\" alt=\"\" class=\"wp-image-12201\" srcset=\"https:\/\/prefeitura.santarosa.rs.gov.br\/wp-content\/uploads\/2024\/12\/Formato-Site-e-Portal-860X645-JPG-20-1.jpg 860w, https:\/\/prefeitura.santarosa.rs.gov.br\/wp-content\/uploads\/2024\/12\/Formato-Site-e-Portal-860X645-JPG-20-1-300x225.jpg 300w, https:\/\/prefeitura.santarosa.rs.gov.br\/wp-content\/uploads\/2024\/12\/Formato-Site-e-Portal-860X645-JPG-20-1-768x576.jpg 768w\" sizes=\"(max-width: 860px) 100vw, 860px\" \/><\/figure>\n\n\n\n<p>A Prefeitura de Santa Rosa por meio da Secretaria de Meio Ambiente, vai realizar no domingo (22), a a\u00e7\u00e3o bem-estar animal. O evento vai acontecer das 15h \u00e0s 18h, no Tape Por\u00e3 (em frente ao Divino). A atividade faz parte da campanha Dezembro Verde, que tem o objetivo de estimular a guarda respons\u00e1vel e ampliar a\u00e7\u00f5es conjuntas com a comunidade, \u00f3rg\u00e3os p\u00fablicos e entidades.<\/p>\n\n\n\n<p>Durante o evento vai ter ado\u00e7\u00e3o de animais. A a\u00e7\u00e3o vai contar tamb\u00e9m com a parceria e o apoio de ONGs da causa animal. Diversas atividades ser\u00e3o realizadas como a apresenta\u00e7\u00e3o dos c\u00e3es da Pol\u00edcia Penal, orienta\u00e7\u00f5es de cuidados com veterin\u00e1rio da Cl\u00ednica Aloha e o recebimento de doa\u00e7\u00f5es: casinhas, roupas e cobertas. Toda a comunidade est\u00e1 convidada a prestigiar e participar deste importante encontro em prol do bem-estar animal.<\/p>\n","protected":false},"excerpt":{"rendered":"<p>A Prefeitura de Santa Rosa por meio da Secretaria de Meio Ambiente, vai realizar no domingo (22), a a\u00e7\u00e3o bem-estar<\/p>\n","protected":false},"author":6,"featured_media":12202,"comment_status":"closed","ping_status":"closed","sticky":false,"template":"","format":"standard","meta":{"footnotes":""},"categories":[4,20],"tags":[],"class_list":["post-12200","post","type-post","status-publish","format-standard","has-post-thumbnail","hentry","category-noticias","category-secretaria-municipal-de-meio-ambiente"],"aioseo_notices":[],"_links":{"self":[{"href":"https:\/\/prefeitura.santarosa.rs.gov.br\/index.php?rest_route=\/wp\/v2\/posts\/12200","targetHints":{"allow":["GET"]}}],"collection":[{"href":"https:\/\/prefeitura.santarosa.rs.gov.br\/index.php?rest_route=\/wp\/v2\/posts"}],"about":[{"href":"https:\/\/prefeitura.santarosa.rs.gov.br\/index.php?rest_route=\/wp\/v2\/types\/post"}],"author":[{"embeddable":true,"href":"https:\/\/prefeitura.santarosa.rs.gov.br\/index.php?rest_route=\/wp\/v2\/users\/6"}],"replies":[{"embeddable":true,"href":"https:\/\/prefeitura.santarosa.rs.gov.br\/index.php?rest_route=%2Fwp%2Fv2%2Fcomments&post=12200"}],"version-history":[{"count":1,"href":"https:\/\/prefeitura.santarosa.rs.gov.br\/index.php?rest_route=\/wp\/v2\/posts\/12200\/revisions"}],"predecessor-version":[{"id":12203,"href":"https:\/\/prefeitura.santarosa.rs.gov.br\/index.php?rest_route=\/wp\/v2\/posts\/12200\/revisions\/12203"}],"wp:featuredmedia":[{"embeddable":true,"href":"https:\/\/prefeitura.santarosa.rs.gov.br\/index.php?rest_route=\/wp\/v2\/media\/12202"}],"wp:attachment":[{"href":"https:\/\/prefeitura.santarosa.rs.gov.br\/index.php?rest_route=%2Fwp%2Fv2%2Fmedia&parent=12200"}],"wp:term":[{"taxonomy":"category","embeddable":true,"href":"https:\/\/prefeitura.santarosa.rs.gov.br\/index.php?rest_route=%2Fwp%2Fv2%2Fcategories&post=12200"},{"taxonomy":"post_tag","embeddable":true,"href":"https:\/\/prefeitura.santarosa.rs.gov.br\/index.php?rest_route=%2Fwp%2Fv2%2Ftags&post=12200"}],"curies":[{"name":"wp","href":"https:\/\/api.w.org\/{rel}","templated":true}]}}