{"id":12196,"date":"2024-12-20T15:18:06","date_gmt":"2024-12-20T18:18:06","guid":{"rendered":"https:\/\/prefeitura.santarosa.rs.gov.br\/?p=12196"},"modified":"2024-12-20T15:18:06","modified_gmt":"2024-12-20T18:18:06","slug":"emater-entrega-ao-governo-municipal-o-relatorio-de-atividades-de-2024-e-o-plano-de-acoes-para-2025","status":"publish","type":"post","link":"https:\/\/prefeitura.santarosa.rs.gov.br\/?p=12196","title":{"rendered":"Emater entrega ao Governo Municipal o Relat\u00f3rio de Atividades de 2024 e o Plano de A\u00e7\u00f5es para 2025"},"content":{"rendered":"\n<figure class=\"wp-block-image size-full\"><img fetchpriority=\"high\" decoding=\"async\" width=\"860\" height=\"645\" src=\"https:\/\/prefeitura.santarosa.rs.gov.br\/wp-content\/uploads\/2024\/12\/Formato-Site-e-Portal-860X645-JPG-19-1.jpg\" alt=\"\" class=\"wp-image-12197\" srcset=\"https:\/\/prefeitura.santarosa.rs.gov.br\/wp-content\/uploads\/2024\/12\/Formato-Site-e-Portal-860X645-JPG-19-1.jpg 860w, https:\/\/prefeitura.santarosa.rs.gov.br\/wp-content\/uploads\/2024\/12\/Formato-Site-e-Portal-860X645-JPG-19-1-300x225.jpg 300w, https:\/\/prefeitura.santarosa.rs.gov.br\/wp-content\/uploads\/2024\/12\/Formato-Site-e-Portal-860X645-JPG-19-1-768x576.jpg 768w\" sizes=\"(max-width: 860px) 100vw, 860px\" \/><\/figure>\n\n\n\n<p><\/p>\n\n\n\n<p>O agr\u00f4nomo Diogo Danda e o veterin\u00e1rio Guilherme Dahmer da Emater\/RS-Ascar de Santa Rosa estiveram na tarde desta sexta-feira (20), no gabinete do vice-prefeito Aldemir Ulrich. Durante a visita, foi realizada a entrega do Relat\u00f3rio de Atividades de Assist\u00eancia T\u00e9cnica e Extens\u00e3o Rural e Social de 2024, al\u00e9m do Plano Operativo para 2025 ao Governo Municipal. Na ocasi\u00e3o, os profissionais da institui\u00e7\u00e3o apresentaram dados sobre o trabalho desenvolvido nos \u00faltimos 12 meses.<\/p>\n\n\n\n<p>O relat\u00f3rio entregue ao vice-prefeito cont\u00e9m as atividades realizadas e todas as diretrizes da Emater\/RS-Ascar de Santa Rosa, al\u00e9m das proje\u00e7\u00f5es e prioridades para o trabalho da equipe no pr\u00f3ximo ano. Aldemir agradeceu a visita e ressaltou a import\u00e2ncia do trabalho realizado pela Emater com os agricultores de Santa Rosa, \u201cPor onde temos passado no interior, ouvimos dos agricultores o quanto a Emater tem sido uma parceira das fam\u00edlias. O planejamento das a\u00e7\u00f5es para o pr\u00f3ximo ano demonstra a organiza\u00e7\u00e3o da entidade, que est\u00e1 sempre em busca de promover o desenvolvimento rural de nossa cidade\u201d.<\/p>\n\n\n\n<p>O engenheiro agr\u00f4nomo Diogo Danda, chefe do Escrit\u00f3rio Municipal, destacou a import\u00e2ncia de a administra\u00e7\u00e3o municipal estar ciente das atividades realizadas pela Emater. Ele lembrou que, em 2024, 745 fam\u00edlias foram atendidas pelo servi\u00e7o, \u201cNo pr\u00f3ximo ano, daremos continuidade \u00e0 execu\u00e7\u00e3o das a\u00e7\u00f5es previstas no plano operativo, com o objetivo de contribuir cada vez mais com as fam\u00edlias do interior\u201d. O trabalho realizado pela Emater\/RS-Ascar de Santa Rosa, que oferece assist\u00eancia t\u00e9cnica e social continuada, tem como objetivo contribuir de forma constante para o desenvolvimento rural sustent\u00e1vel do munic\u00edpio.<\/p>\n","protected":false},"excerpt":{"rendered":"<p>O agr\u00f4nomo Diogo Danda e o veterin\u00e1rio Guilherme Dahmer da Emater\/RS-Ascar de Santa Rosa estiveram na tarde desta sexta-feira (20),<\/p>\n","protected":false},"author":6,"featured_media":12198,"comment_status":"closed","ping_status":"closed","sticky":false,"template":"","format":"standard","meta":{"footnotes":""},"categories":[4,9],"tags":[],"class_list":["post-12196","post","type-post","status-publish","format-standard","has-post-thumbnail","hentry","category-noticias","category-gabinete-do-vice-prefeito"],"aioseo_notices":[],"_links":{"self":[{"href":"https:\/\/prefeitura.santarosa.rs.gov.br\/index.php?rest_route=\/wp\/v2\/posts\/12196","targetHints":{"allow":["GET"]}}],"collection":[{"href":"https:\/\/prefeitura.santarosa.rs.gov.br\/index.php?rest_route=\/wp\/v2\/posts"}],"about":[{"href":"https:\/\/prefeitura.santarosa.rs.gov.br\/index.php?rest_route=\/wp\/v2\/types\/post"}],"author":[{"embeddable":true,"href":"https:\/\/prefeitura.santarosa.rs.gov.br\/index.php?rest_route=\/wp\/v2\/users\/6"}],"replies":[{"embeddable":true,"href":"https:\/\/prefeitura.santarosa.rs.gov.br\/index.php?rest_route=%2Fwp%2Fv2%2Fcomments&post=12196"}],"version-history":[{"count":1,"href":"https:\/\/prefeitura.santarosa.rs.gov.br\/index.php?rest_route=\/wp\/v2\/posts\/12196\/revisions"}],"predecessor-version":[{"id":12199,"href":"https:\/\/prefeitura.santarosa.rs.gov.br\/index.php?rest_route=\/wp\/v2\/posts\/12196\/revisions\/12199"}],"wp:featuredmedia":[{"embeddable":true,"href":"https:\/\/prefeitura.santarosa.rs.gov.br\/index.php?rest_route=\/wp\/v2\/media\/12198"}],"wp:attachment":[{"href":"https:\/\/prefeitura.santarosa.rs.gov.br\/index.php?rest_route=%2Fwp%2Fv2%2Fmedia&parent=12196"}],"wp:term":[{"taxonomy":"category","embeddable":true,"href":"https:\/\/prefeitura.santarosa.rs.gov.br\/index.php?rest_route=%2Fwp%2Fv2%2Fcategories&post=12196"},{"taxonomy":"post_tag","embeddable":true,"href":"https:\/\/prefeitura.santarosa.rs.gov.br\/index.php?rest_route=%2Fwp%2Fv2%2Ftags&post=12196"}],"curies":[{"name":"wp","href":"https:\/\/api.w.org\/{rel}","templated":true}]}}