{"id":1219,"date":"2021-07-13T20:02:00","date_gmt":"2021-07-13T23:02:00","guid":{"rendered":"https:\/\/prefeitura.santarosa.rs.gov.br\/?p=1219"},"modified":"2024-10-07T09:55:00","modified_gmt":"2024-10-07T12:55:00","slug":"regulamentacao-de-regime-de-previdencia-complementar-e-pauta","status":"publish","type":"post","link":"https:\/\/prefeitura.santarosa.rs.gov.br\/?p=1219","title":{"rendered":"Regulamenta\u00e7\u00e3o de regime de previd\u00eancia complementar \u00e9 pauta"},"content":{"rendered":"\n<p>O Prefeito Anderson Mantei esteve reunido com o Grupo de Trabalho (GT) nomeado atrav\u00e9s do Decreto n\u00ba 115\/2021.<\/p>\n\n\n\n<p>O Prefeito Anderson Mantei esteve reunido com o Grupo de Trabalho (GT) nomeado atrav\u00e9s do Decreto n\u00ba 115\/2021. Este foi organizado para analisar e desenvolver estudos t\u00e9cnicos para regulamenta\u00e7\u00e3o de procedimentos para implanta\u00e7\u00e3o de Regime de Previd\u00eancia Complementar (RPC).<br><br>O GT trabalha com a escolha de crit\u00e9rios para contrata\u00e7\u00e3o de Entidade Fechada de Previd\u00eancia Complementar (EFPC), que vai gerir o plano de benef\u00edcios de aposentadoria complementar para os novos servidores efetivos que ingressarem no servi\u00e7o p\u00fablico. Isso vale a partir de novembro de 2021 e sobre a remunera\u00e7\u00e3o que ultrapassar ao teto limite da Previd\u00eancia Social (R$ 6.433,57). As contribui\u00e7\u00f5es previdenci\u00e1rias at\u00e9 este valor continuar\u00e3o sendo realizadas para o PREVIROSA \u2013 Instituto de Previd\u00eancia dos Servidores Municipais de Santa Rosa.<br><br>O Grupo de Trabalho (GT) conta com a participa\u00e7\u00e3o de representantes do Poder Executivo, Previrosa e servidores indicados pelo Sindicato. Segundo Anderson Mantei, \u201cMesmo que seja uma imposi\u00e7\u00e3o da legisla\u00e7\u00e3o federal temos que ter todo o cuidado nos crit\u00e9rios para escolha da futura Entidade Fechada de Previd\u00eancia Complementar (EFPC), que vai estar gerenciando recursos pagos pelo servidor e pelo munic\u00edpio de Santa Rosa. A inten\u00e7\u00e3o \u00e9 de buscar conceder uma op\u00e7\u00e3o aos futuros servidores que ganham acima do teto do INSS\u201d.<br><br>Com a aprova\u00e7\u00e3o da Emenda Constitucional n\u00ba 103, de 12 de novembro de 2019, foi dado o prazo de dois anos para que os munic\u00edpios e os estados realizem a institui\u00e7\u00e3o do Regime de Previd\u00eancia Complementar (RPC). O Grupo de Trabalho est\u00e1 seguindo as orienta\u00e7\u00f5es emitidas pelo Guia de Previd\u00eancia Complementar para Entes Federativos elaborado pela Secretaria de Previd\u00eancia, vinculado ao Minist\u00e9rio da Economia. O intuito \u00e9 orientar os envolvidos no planejamento de implementa\u00e7\u00e3o do Regime de Previd\u00eancia Complementar e tamb\u00e9m oferecer informa\u00e7\u00f5es para a assinatura do termo de ades\u00e3o, a ser firmado com Entidade Fechada de Previd\u00eancia Complementar (EFPC).<\/p>\n","protected":false},"excerpt":{"rendered":"<p>O Prefeito Anderson Mantei esteve reunido com o Grupo de Trabalho (GT) nomeado atrav\u00e9s do Decreto n\u00ba 115\/2021. O Prefeito<\/p>\n","protected":false},"author":3,"featured_media":1220,"comment_status":"open","ping_status":"open","sticky":false,"template":"","format":"standard","meta":{"footnotes":""},"categories":[4,13],"tags":[],"class_list":["post-1219","post","type-post","status-publish","format-standard","has-post-thumbnail","hentry","category-noticias","category-secretaria-municipal-de-administracao-e-fazenda"],"aioseo_notices":[],"_links":{"self":[{"href":"https:\/\/prefeitura.santarosa.rs.gov.br\/index.php?rest_route=\/wp\/v2\/posts\/1219","targetHints":{"allow":["GET"]}}],"collection":[{"href":"https:\/\/prefeitura.santarosa.rs.gov.br\/index.php?rest_route=\/wp\/v2\/posts"}],"about":[{"href":"https:\/\/prefeitura.santarosa.rs.gov.br\/index.php?rest_route=\/wp\/v2\/types\/post"}],"author":[{"embeddable":true,"href":"https:\/\/prefeitura.santarosa.rs.gov.br\/index.php?rest_route=\/wp\/v2\/users\/3"}],"replies":[{"embeddable":true,"href":"https:\/\/prefeitura.santarosa.rs.gov.br\/index.php?rest_route=%2Fwp%2Fv2%2Fcomments&post=1219"}],"version-history":[{"count":1,"href":"https:\/\/prefeitura.santarosa.rs.gov.br\/index.php?rest_route=\/wp\/v2\/posts\/1219\/revisions"}],"predecessor-version":[{"id":1221,"href":"https:\/\/prefeitura.santarosa.rs.gov.br\/index.php?rest_route=\/wp\/v2\/posts\/1219\/revisions\/1221"}],"wp:featuredmedia":[{"embeddable":true,"href":"https:\/\/prefeitura.santarosa.rs.gov.br\/index.php?rest_route=\/wp\/v2\/media\/1220"}],"wp:attachment":[{"href":"https:\/\/prefeitura.santarosa.rs.gov.br\/index.php?rest_route=%2Fwp%2Fv2%2Fmedia&parent=1219"}],"wp:term":[{"taxonomy":"category","embeddable":true,"href":"https:\/\/prefeitura.santarosa.rs.gov.br\/index.php?rest_route=%2Fwp%2Fv2%2Fcategories&post=1219"},{"taxonomy":"post_tag","embeddable":true,"href":"https:\/\/prefeitura.santarosa.rs.gov.br\/index.php?rest_route=%2Fwp%2Fv2%2Ftags&post=1219"}],"curies":[{"name":"wp","href":"https:\/\/api.w.org\/{rel}","templated":true}]}}